{"dados":[{"ementa":"Disp\u00f5e sobre o registro de entidades e a inscri\u00e7\u00e3o de programas, projetos e servi\u00e7os governamentais e n\u00e3o governamentais de atendimento \u00e0 pessoa idosa no \u00e2mbito do Munic\u00edpio de Diamantina\/MG.","dataAtualizacao":"2026-04-28 07:51:08","dataInicioVigencia":null,"dataFimVigencia":null,"data":"2026-04-28","numero":28,"categoria":"Resolu\u00e7\u00e3o","situacao":"Em vigor","descricao":""},{"ementa":"Recomenda\u00e7\u00e3o para realiza\u00e7\u00e3o de Concurso P\u00fablico.","dataAtualizacao":"2026-04-27 09:46:35","dataInicioVigencia":null,"dataFimVigencia":null,"data":"2026-04-27","numero":1,"categoria":"Recomenda\u00e7\u00e3o","situacao":"Em vigor","descricao":""},{"ementa":"Aprova os crit\u00e9rios e prazos para concess\u00e3o dos Benef\u00edcios de Assist\u00eancia Social no munic\u00edpio de Diamantina no \u00e2mbito da Pol\u00edtica da Assist\u00eancia Social que segue em anexo.","dataAtualizacao":"2026-04-24 12:01:14","dataInicioVigencia":null,"dataFimVigencia":null,"data":"2026-04-24","numero":328,"categoria":"Resolu\u00e7\u00e3o","situacao":"Em vigor","descricao":""},{"ementa":"Disp\u00f5e sobre a movimenta\u00e7\u00e3o interna de servidora no \u00e2mbito da Prefeitura Municipal de Diamantina.","dataAtualizacao":"2026-04-24 10:38:59","dataInicioVigencia":null,"dataFimVigencia":null,"data":"2026-04-23","numero":228,"categoria":"Decreto","situacao":"Em vigor","descricao":""},{"ementa":"PORTARIA SMCP N\u00ba 003, DE 23 DE ABRIL DE 2026 - Disp\u00f5e sobre a regulamenta\u00e7\u00e3o, no \u00e2mbito da Secretaria Municipal de Cultura e Patrim\u00f4nio, do uso de ve\u00edculos oficiais em apoio \u00e0s a\u00e7\u00f5es culturais, patrimoniais e institucionais, e d\u00e1 outras provid\u00eancias.","dataAtualizacao":"2026-04-23 17:30:34","dataInicioVigencia":null,"dataFimVigencia":null,"data":"2026-04-23","numero":3,"categoria":"Portaria","situacao":"Em vigor","descricao":""},{"ementa":"Altera a Comiss\u00e3o de Sele\u00e7\u00e3o para acompanhamento do Processo de Sele\u00e7\u00e3o de agentes para a execu\u00e7\u00e3o do Acordo de Coopera\u00e7\u00e3o T\u00e9cnica n. 07\/2023, visando execu\u00e7\u00e3o do ZAP \u2013 Zoneamento Ambiental Produtivo no Munic\u00edpio, junto \u00e0 Secretaria Municipal de Agropecu\u00e1ria e Meio Ambiente.","dataAtualizacao":"2026-04-24 10:37:18","dataInicioVigencia":null,"dataFimVigencia":null,"data":"2026-04-23","numero":2,"categoria":"Portaria","situacao":"Em vigor","descricao":""},{"ementa":"Nomeia servidor para realizar a liquida\u00e7\u00e3o de despesas afetas \u00e0 Secretaria Municipal de Agropecu\u00e1ria e Meio Ambiente, e d\u00e1 outras provid\u00eancias.","dataAtualizacao":"2026-04-27 15:06:08","dataInicioVigencia":null,"dataFimVigencia":null,"data":"2026-04-22","numero":30,"categoria":"Portaria","situacao":"Em vigor","descricao":""},{"ementa":"Autoriza servidor a assinar solicita\u00e7\u00e3o de pagamentos, di\u00e1rias, compras e documentos referentes \u00e0s despesas afetas \u00e0 Secretaria Municipal de Agropecu\u00e1ria e Meio Ambiente, e d\u00e1 outras provid\u00eancias.","dataAtualizacao":"2026-04-27 11:46:56","dataInicioVigencia":null,"dataFimVigencia":null,"data":"2026-04-22","numero":29,"categoria":"Portaria","situacao":"Em vigor","descricao":""},{"ementa":"Institui Comiss\u00e3o de Monitoramento e Avalia\u00e7\u00e3o destinada a monitorar e avaliar a parceria celebrada com a Institui\u00e7\u00e3o Sociedade Protetora da Inf\u00e2ncia - Vila Educacional de Meninas - VEM e designa gestor da respectiva parceria, nos termos de que trata a Lei Federal 13.019, de 31 de julho de 2014, e o Decreto Municipal n\u00b0 29, de 19 de janeiro de 2018.","dataAtualizacao":"2026-04-28 16:24:52","dataInicioVigencia":null,"dataFimVigencia":null,"data":"2026-04-22","numero":28,"categoria":"Portaria","situacao":"Em vigor","descricao":""},{"ementa":"PROCESSO DE CONSULTA P\u00daBLICA DEMOCR\u00c1TICA PARA ESCOLHA DE DIRETOR,\r\nVICE-DIRETOR E COORDENADOR DAS UNIDADES ESCOLARES DA REDE MUNICIPAL\r\nDE ENSINO DE DIAMANTINA\/MG","dataAtualizacao":"2026-04-18 14:14:07","dataInicioVigencia":null,"dataFimVigencia":null,"data":"2026-04-18","numero":1,"categoria":"Diversos Atos Administrativos","situacao":"Em vigor","descricao":"PROCESSO DE CONSULTA P\u00daBLICA DEMOCR\u00c1TICA PARA ESCOLHA DE DIRETOR,\r\nVICE-DIRETOR E COORDENADOR DAS UNIDADES ESCOLARES DA REDE MUNICIPAL\r\nDE ENSINO DE DIAMANTINA\/MG"},{"ementa":"Estabelece normas para o processo de\r\nconsulta p\u00fablica democr\u00e1tica de escolha de\r\nservidor para o cargo de provimento em\r\ncomiss\u00e3o de Diretor, de Vice-Diretor e de\r\nCoordenador das Unidades Escolares da Rede\r\nMunicipal de Ensino de Diamantina\/MG, e trata\r\nde outros dispositivos correlatos.","dataAtualizacao":"2026-04-17 19:42:13","dataInicioVigencia":null,"dataFimVigencia":null,"data":"2026-04-17","numero":2,"categoria":"Resolu\u00e7\u00e3o","situacao":"Em vigor","descricao":""},{"ementa":"D\u00e1 denomina\u00e7\u00e3o de Rua Rosimar Ant\u00f4nio Martins a um logradouro p\u00fablico sem nome, situado na sede do distrito de Extra\u00e7\u00e3o.","dataAtualizacao":"2026-04-28 16:05:57","dataInicioVigencia":null,"dataFimVigencia":null,"data":"2026-04-16","numero":4402,"categoria":"Lei Ordin\u00e1ria","situacao":"Em vigor","descricao":""},{"ementa":"Disp\u00f5e sobre a aprova\u00e7\u00e3o de aditivo de prazo do Termo de Fomento n\u00ba 017\/2024, referente ao Projeto \u201cDa Prote\u00e7\u00e3o \u00e0 Transforma\u00e7\u00e3o de Vidas\u201d, da Sociedade Protetora da Inf\u00e2ncia \u2013 Unidade VEM.","dataAtualizacao":"2026-04-16 11:56:59","dataInicioVigencia":null,"dataFimVigencia":null,"data":"2026-04-16","numero":383,"categoria":"Resolu\u00e7\u00e3o","situacao":"Em vigor","descricao":""},{"ementa":"Disp\u00f5e sobre a aprova\u00e7\u00e3o de aditivo de prazo do Termo de Fomento n\u00ba 017\/2024, referente ao Projeto \u201cDa Prote\u00e7\u00e3o \u00e0 Transforma\u00e7\u00e3o de Vidas\u201d, da Sociedade Protetora da Inf\u00e2ncia \u2013 Unidade VEM.","dataAtualizacao":"2026-04-16 11:58:32","dataInicioVigencia":null,"dataFimVigencia":null,"data":"2026-04-16","numero":383,"categoria":"Resolu\u00e7\u00e3o","situacao":"Em vigor","descricao":""},{"ementa":"Disp\u00f5e sobre a obrigatoriedade de implementa\u00e7\u00e3o de instrumento de indicadores de desenvolvimento para entidades com projetos financiados pelo FMDCA.","dataAtualizacao":"2026-04-16 11:55:00","dataInicioVigencia":null,"dataFimVigencia":null,"data":"2026-04-16","numero":382,"categoria":"Resolu\u00e7\u00e3o","situacao":"Em vigor","descricao":""},{"ementa":"Disp\u00f5e sobre a realiza\u00e7\u00e3o da 12\u00aa Confer\u00eancia Municipal dos Direitos da Crian\u00e7a e do Adolescente e a cria\u00e7\u00e3o da Comiss\u00e3o Organizadora.","dataAtualizacao":"2026-04-16 11:53:14","dataInicioVigencia":null,"dataFimVigencia":null,"data":"2026-04-16","numero":381,"categoria":"Resolu\u00e7\u00e3o","situacao":"Em vigor","descricao":""},{"ementa":"Disp\u00f5e sobre a aprova\u00e7\u00e3o da destina\u00e7\u00e3o de recursos para  capacita\u00e7\u00e3o da Rede de Prote\u00e7\u00e3o, mediante edital de chamamento p\u00fablico.","dataAtualizacao":"2026-04-16 11:51:33","dataInicioVigencia":null,"dataFimVigencia":null,"data":"2026-04-16","numero":380,"categoria":"Resolu\u00e7\u00e3o","situacao":"Em vigor","descricao":""},{"ementa":"Disp\u00f5e sobre a aprova\u00e7\u00e3o da participa\u00e7\u00e3o em capacita\u00e7\u00e3o do Programa Amigo de Valor, com custeio integral pelo Banco Santander.","dataAtualizacao":"2026-04-16 11:50:06","dataInicioVigencia":null,"dataFimVigencia":null,"data":"2026-04-16","numero":379,"categoria":"Resolu\u00e7\u00e3o","situacao":"Em vigor","descricao":""},{"ementa":"Disp\u00f5e sobre a aprova\u00e7\u00e3o da participa\u00e7\u00e3o em Congresso Internacional, condicionada \u00e0 an\u00e1lise do conte\u00fado program\u00e1tico.","dataAtualizacao":"2026-04-16 11:48:30","dataInicioVigencia":null,"dataFimVigencia":null,"data":"2026-04-16","numero":378,"categoria":"Resolu\u00e7\u00e3o","situacao":"Em vigor","descricao":""},{"ementa":"Disp\u00f5e sobre a n\u00e3o autoriza\u00e7\u00e3o do uso de recursos do Fundo Municipal dos Direitos da Crian\u00e7a e do Adolescente \u2013 FMDCA para pagamento de determina\u00e7\u00e3o judicial.","dataAtualizacao":"2026-04-16 11:46:44","dataInicioVigencia":null,"dataFimVigencia":null,"data":"2026-04-16","numero":377,"categoria":"Resolu\u00e7\u00e3o","situacao":"Em vigor","descricao":""},{"ementa":"Disp\u00f5e sobre a aprova\u00e7\u00e3o da participa\u00e7\u00e3o de conselheiros na capacita\u00e7\u00e3o \u201cA For\u00e7a dos La\u00e7os\u201d, com custeio de di\u00e1rias pelo FMDCA.","dataAtualizacao":"2026-04-16 11:45:08","dataInicioVigencia":null,"dataFimVigencia":null,"data":"2026-04-16","numero":376,"categoria":"Resolu\u00e7\u00e3o","situacao":"Em vigor","descricao":""},{"ementa":"Disp\u00f5e sobre a aprova\u00e7\u00e3o de parecer desfavor\u00e1vel ao ajuste do Plano de Trabalho do Projeto \u201cSopa de Oportunidade\u201d do Instituto de Desenvolvimento Integral KUYPER e determina a devolu\u00e7\u00e3o de recursos ao FMDCA.","dataAtualizacao":"2026-04-16 11:43:28","dataInicioVigencia":null,"dataFimVigencia":null,"data":"2026-04-16","numero":375,"categoria":"Resolu\u00e7\u00e3o","situacao":"Em vigor","descricao":""},{"ementa":"Disp\u00f5e sobre a aprova\u00e7\u00e3o de Aditivo de Prazo do Termo de Fomento n\u00ba 052\/2024, referente ao Projeto \u201cEquipar Lar de Amor\u201d da Associa\u00e7\u00e3o Amigos da Casa Lar.","dataAtualizacao":"2026-04-16 11:41:44","dataInicioVigencia":null,"dataFimVigencia":null,"data":"2026-04-16","numero":374,"categoria":"Resolu\u00e7\u00e3o","situacao":"Em vigor","descricao":""},{"ementa":"Disp\u00f5e sobre a aprova\u00e7\u00e3o do novo calend\u00e1rio de reuni\u00f5es ordin\u00e1rias do Conselho Municipal dos Direitos da Crian\u00e7a e do Adolescente \u2013 CMDCA.","dataAtualizacao":"2026-04-16 11:39:08","dataInicioVigencia":null,"dataFimVigencia":null,"data":"2026-04-16","numero":373,"categoria":"Resolu\u00e7\u00e3o","situacao":"Em vigor","descricao":""},{"ementa":"Institui Comiss\u00e3o de Reposicionamento para a realiza\u00e7\u00e3o de\r\nprocesso de reposicionamento servidores p\u00fablicos do magist\u00e9rio e\r\ndemais servidores do quadro setorial da Educa\u00e7\u00e3o do Poder\r\nExecutivo do Munic\u00edpio de Diamantina, referente ao interst\u00edcio\r\n2024\/2025, e d\u00e1 outras provid\u00eancias.","dataAtualizacao":"2026-04-16 08:36:06","dataInicioVigencia":null,"dataFimVigencia":null,"data":"2026-04-16","numero":6,"categoria":"Portaria","situacao":"Em vigor","descricao":"Institui Comiss\u00e3o de Reposicionamento para a realiza\u00e7\u00e3o de\r\nprocesso de reposicionamento servidores p\u00fablicos do magist\u00e9rio e\r\ndemais servidores do quadro setorial da Educa\u00e7\u00e3o do Poder\r\nExecutivo do Munic\u00edpio de Diamantina, referente ao interst\u00edcio\r\n2024\/2025, e d\u00e1 outras provid\u00eancias."},{"ementa":"Institui Comiss\u00e3o Parit\u00e1ria para a realiza\u00e7\u00e3o de Avalia\u00e7\u00e3o de\r\nDesempenho dos servidores p\u00fablicos do magist\u00e9rio e demais\r\nservidores do quadro setorial da Educa\u00e7\u00e3o do Poder\r\nExecutivo do Munic\u00edpio de Diamantina, referente ao interst\u00edcio\r\n2024\/2025, e d\u00e1 outras provid\u00eancias..","dataAtualizacao":"2026-04-16 08:36:51","dataInicioVigencia":null,"dataFimVigencia":null,"data":"2026-04-16","numero":5,"categoria":"Portaria","situacao":"Em vigor","descricao":"Institui Comiss\u00e3o Parit\u00e1ria para a realiza\u00e7\u00e3o de Avalia\u00e7\u00e3o de\r\nDesempenho dos servidores p\u00fablicos do magist\u00e9rio e demais\r\nservidores do quadro setorial da Educa\u00e7\u00e3o do Poder\r\nExecutivo do Munic\u00edpio de Diamantina, referente ao interst\u00edcio\r\n2024\/2025, e d\u00e1 outras provid\u00eancias.."},{"ementa":"Disp\u00f5e sobre a retifica\u00e7\u00e3o da Portaria SEPLOG n.\u00ba 01, de 20 de janeiro de 2026","dataAtualizacao":"2026-04-15 14:22:58","dataInicioVigencia":null,"dataFimVigencia":null,"data":"2026-04-15","numero":3,"categoria":"Portaria","situacao":"Em vigor","descricao":""},{"ementa":"Declara vac\u00e2ncia de cargo p\u00fablico de servidora efetiva por motivo de exonera\u00e7\u00e3o.","dataAtualizacao":"2026-04-17 10:15:11","dataInicioVigencia":null,"dataFimVigencia":null,"data":"2026-04-14","numero":224,"categoria":"Decreto","situacao":"Em vigor","descricao":""},{"ementa":"Declara estado de emerg\u00eancia em sa\u00fade p\u00fablica no Munic\u00edpio de Diamantina\/MG, para fins de preven\u00e7\u00e3o e enfrentamento da S\u00edndrome Respirat\u00f3ria Aguda Grave (SRAG).","dataAtualizacao":"2026-04-15 09:58:04","dataInicioVigencia":null,"dataFimVigencia":null,"data":"2026-04-14","numero":223,"categoria":"Decreto","situacao":"Em vigor","descricao":""},{"ementa":"Exonera servidor ocupante de cargo comissionado no Poder Executivo Municipal de Diamantina, na estrutura organizacional da Secretaria Municipal de Obras e Servi\u00e7os, e d\u00e1 outras provid\u00eancias.","dataAtualizacao":"2026-04-17 09:58:46","dataInicioVigencia":null,"dataFimVigencia":null,"data":"2026-04-14","numero":222,"categoria":"Decreto","situacao":"Em vigor","descricao":""},{"ementa":"Altera a Portaria n\u00ba 158 de 27 de novembro de 2025, que \u201cInstitui Comiss\u00e3o de Monitoramento e Avalia\u00e7\u00e3o destinada a monitorar e avaliar a parceria celebrada com a Associa\u00e7\u00e3o Comunit\u00e1ria de Capoeir\u00e3o e designa gestor da respectiva parceria, nos termos de que trata a Lei Federal 13.019, de 31 de julho de 2014, e o Decreto Municipal n\u00b0 29, de 19 de janeiro de 2018\u201d.","dataAtualizacao":"2026-04-28 16:23:18","dataInicioVigencia":null,"dataFimVigencia":null,"data":"2026-04-14","numero":27,"categoria":"Portaria","situacao":"Em vigor","descricao":""},{"ementa":"Nomeia ocupante de cargo comissionado no Poder Executivo Municipal de Diamantina, na estrutura organizacional da Secretaria Municipal de Desenvolvimento Social, e d\u00e1 outras provid\u00eancias.","dataAtualizacao":"2026-04-17 09:52:30","dataInicioVigencia":null,"dataFimVigencia":null,"data":"2026-04-13","numero":221,"categoria":"Decreto","situacao":"Em vigor","descricao":""},{"ementa":"Exonera servidor ocupante de cargo comissionado no Poder Executivo Municipal de Diamantina, na estrutura organizacional da Secretaria Municipal de Desenvolvimento Social, e d\u00e1 outras provid\u00eancias.","dataAtualizacao":"2026-04-17 09:48:38","dataInicioVigencia":null,"dataFimVigencia":null,"data":"2026-04-13","numero":220,"categoria":"Decreto","situacao":"Em vigor","descricao":""},{"ementa":"Institui a Comiss\u00e3o Municipal de Oncologia do Munic\u00edpio de Diamantina, no \u00e2mbito da Secretaria Municipal de Sa\u00fade, e d\u00e1 outras provid\u00eancias.","dataAtualizacao":"2026-04-16 14:22:57","dataInicioVigencia":null,"dataFimVigencia":null,"data":"2026-04-13","numero":7,"categoria":"Portaria","situacao":"Em vigor","descricao":""},{"ementa":"Concede licen\u00e7a ao servidor efetivo para tratar de interesses particulares, e d\u00e1 outras provid\u00eancias.","dataAtualizacao":"2026-04-17 09:45:49","dataInicioVigencia":null,"dataFimVigencia":null,"data":"2026-04-10","numero":219,"categoria":"Decreto","situacao":"Em vigor","descricao":""},{"ementa":"Institui o Plano Municipal Decenal de Atendimento Socioeducativo em Meio Aberto do Munic\u00edpio de Diamantina\/MG.","dataAtualizacao":"2026-04-16 10:34:43","dataInicioVigencia":null,"dataFimVigencia":null,"data":"2026-04-10","numero":218,"categoria":"Decreto","situacao":"Em vigor","descricao":""},{"ementa":"Institui o Plano Municipal de Assist\u00eancia Social (PMAS).","dataAtualizacao":"2026-04-16 10:29:44","dataInicioVigencia":null,"dataFimVigencia":null,"data":"2026-04-10","numero":217,"categoria":"Decreto","situacao":"Em vigor","descricao":""},{"ementa":"Nomeia interinamente substituta para servidora ocupante de cargo comissionado no Poder Executivo Municipal de Diamantina, na estrutura organizacional da Secretaria Municipal de Fazenda, durante per\u00edodo de f\u00e9rias regulamentares, e d\u00e1 outras provid\u00eancias.","dataAtualizacao":"2026-04-17 09:43:23","dataInicioVigencia":null,"dataFimVigencia":null,"data":"2026-04-10","numero":216,"categoria":"Decreto","situacao":"Em vigor","descricao":""},{"ementa":"Nomeia, em substitui\u00e7\u00e3o, membros para compor o Conselho Municipal de Habita\u00e7\u00e3o e Interesse Social, e d\u00e1 outras provid\u00eancias.","dataAtualizacao":"2026-04-14 10:27:27","dataInicioVigencia":null,"dataFimVigencia":null,"data":"2026-04-09","numero":215,"categoria":"Decreto","situacao":"Em vigor","descricao":""},{"ementa":"Declara vac\u00e2ncia de cargo p\u00fablico de servidor efetivo por motivo de aposentadoria.","dataAtualizacao":"2026-04-17 09:34:47","dataInicioVigencia":null,"dataFimVigencia":null,"data":"2026-04-09","numero":214,"categoria":"Decreto","situacao":"Em vigor","descricao":""},{"ementa":"Declara vac\u00e2ncia de cargo p\u00fablico de servidora efetiva por motivo de aposentadoria.","dataAtualizacao":"2026-04-17 09:30:32","dataInicioVigencia":null,"dataFimVigencia":null,"data":"2026-04-09","numero":213,"categoria":"Decreto","situacao":"Em vigor","descricao":""},{"ementa":"Declara vac\u00e2ncia de cargo p\u00fablico de servidora efetiva por motivo de aposentadoria.","dataAtualizacao":"2026-04-17 09:25:43","dataInicioVigencia":null,"dataFimVigencia":null,"data":"2026-04-09","numero":212,"categoria":"Decreto","situacao":"Em vigor","descricao":""},{"ementa":"Prorroga licen\u00e7a de servidor efetivo por motivo de doen\u00e7a em pessoa na fam\u00edlia, e d\u00e1 outras provid\u00eancias.","dataAtualizacao":"2026-04-17 09:21:19","dataInicioVigencia":null,"dataFimVigencia":null,"data":"2026-04-09","numero":211,"categoria":"Decreto","situacao":"Em vigor","descricao":""},{"ementa":"Cancela licen\u00e7a para tratar de interesses particulares concedida a servidora do Executivo Municipal que especifica, e d\u00e1 outras provid\u00eancias.","dataAtualizacao":"2026-04-17 09:19:44","dataInicioVigencia":null,"dataFimVigencia":null,"data":"2026-04-09","numero":210,"categoria":"Decreto","situacao":"Em vigor","descricao":""},{"ementa":"Exonera servidora ocupante de fun\u00e7\u00e3o gratificada no Poder Executivo Municipal de Diamantina, na estrutura organizacional da Secretaria Municipal de Governo, e d\u00e1 outras provid\u00eancias.","dataAtualizacao":"2026-04-17 09:17:00","dataInicioVigencia":null,"dataFimVigencia":null,"data":"2026-04-09","numero":209,"categoria":"Decreto","situacao":"Em vigor","descricao":""},{"ementa":"Disp\u00f5e sobre o funcionamento dos setores e servi\u00e7os vinculados \u00e0 Secretaria Municipal de Sa\u00fade no dia 20 de abril de 2026, em raz\u00e3o do ponto facultativo estabelecido no \u00e2mbito da Administra\u00e7\u00e3o P\u00fablica Municipal.","dataAtualizacao":"2026-04-14 14:52:22","dataInicioVigencia":null,"dataFimVigencia":null,"data":"2026-04-09","numero":6,"categoria":"Portaria","situacao":"Em vigor","descricao":""},{"ementa":"Institui, no \u00e2mbito do Munic\u00edpio de Diamantina, as Equipes Multiprofissionais na Aten\u00e7\u00e3o Prim\u00e1ria \u00e0 Sa\u00fade (eMulti), nos termos da Portaria GM\/MS n\u00ba 635, de 22 de maio de 2023, e d\u00e1 outras provid\u00eancias.","dataAtualizacao":"2026-04-10 08:30:25","dataInicioVigencia":null,"dataFimVigencia":null,"data":"2026-04-08","numero":4401,"categoria":"Lei Ordin\u00e1ria","situacao":"Em vigor","descricao":""},{"ementa":"Reduz carga hor\u00e1ria de servidora do Poder Executivo Municipal de Diamantina, na estrutura organizacional da Secretaria Municipal de Agropecu\u00e1ria e Meio Ambiente, e d\u00e1 outras provid\u00eancias.","dataAtualizacao":"2026-04-17 09:10:55","dataInicioVigencia":null,"dataFimVigencia":null,"data":"2026-04-08","numero":208,"categoria":"Decreto","situacao":"Em vigor","descricao":""},{"ementa":"Nomeia, em substitui\u00e7\u00e3o, membros para compor o Conselho Municipal de Transporte P\u00fablico - CMTP, e d\u00e1 outras provid\u00eancias.","dataAtualizacao":"2026-04-10 08:59:15","dataInicioVigencia":null,"dataFimVigencia":null,"data":"2026-04-08","numero":207,"categoria":"Decreto","situacao":"Em vigor","descricao":""},{"ementa":"Disp\u00f5e sobre a homologa\u00e7\u00e3o do resultado final classificat\u00f3rio do Processo Seletivo Simplificado, Edital n\u00ba 01\/2026, de 23 de fevereiro de 2026, para os cargos que especifica, e d\u00e1 outras provid\u00eancias.","dataAtualizacao":"2026-04-10 08:44:29","dataInicioVigencia":null,"dataFimVigencia":null,"data":"2026-04-08","numero":206,"categoria":"Decreto","situacao":"Em vigor","descricao":""},{"ementa":"Nomeia servidores ocupantes de cargo comissionado do Poder Executivo Municipal de Diamantina, na estrutura organizacional da Secretaria Municipal de Agropecu\u00e1ria e Meio Ambiente, e d\u00e1 outras provid\u00eancias.","dataAtualizacao":"2026-04-10 08:43:10","dataInicioVigencia":null,"dataFimVigencia":null,"data":"2026-04-08","numero":205,"categoria":"Decreto","situacao":"Em vigor","descricao":""},{"ementa":"Exonera servidor ocupante de cargo comissionado no Poder Executivo Municipal de Diamantina, na estrutura organizacional da Secretaria Municipal de Agropecu\u00e1ria e Meio Ambiente, e d\u00e1 outras provid\u00eancias.","dataAtualizacao":"2026-04-10 08:40:00","dataInicioVigencia":null,"dataFimVigencia":null,"data":"2026-04-08","numero":204,"categoria":"Decreto","situacao":"Em vigor","descricao":""},{"ementa":"Autoriza servidor p\u00fablico municipal a conduzir ve\u00edculo oficial do Poder Executivo do Munic\u00edpio de Diamantina, e d\u00e1 outras provid\u00eancias.","dataAtualizacao":"2026-04-10 09:00:46","dataInicioVigencia":null,"dataFimVigencia":null,"data":"2026-04-08","numero":26,"categoria":"Portaria","situacao":"Em vigor","descricao":""},{"ementa":"Disp\u00f5e sobre a homologa\u00e7\u00e3o do resultado final classificat\u00f3rio do Processo Seletivo Simplificado, Edital n\u00ba 02\/2026, de 23 de fevereiro de 2026, para os cargos que especifica, e d\u00e1 outras provid\u00eancias.","dataAtualizacao":"2026-04-08 14:53:33","dataInicioVigencia":null,"dataFimVigencia":null,"data":"2026-04-07","numero":203,"categoria":"Decreto","situacao":"Em vigor","descricao":""},{"ementa":"Nomeia, em substitui\u00e7\u00e3o, membros para compor o Conselho Municipal de Seguran\u00e7a Alimentar e Nutricional - COMSEA, e d\u00e1 outras provid\u00eancias.","dataAtualizacao":"2026-04-10 08:41:02","dataInicioVigencia":null,"dataFimVigencia":null,"data":"2026-04-07","numero":202,"categoria":"Decreto","situacao":"Em vigor","descricao":""},{"ementa":"Revoga a cess\u00e3o de servidor p\u00fablico da Administra\u00e7\u00e3o Municipal do Poder Executivo que especifica, e d\u00e1 outras provid\u00eancias.","dataAtualizacao":"2026-04-10 08:38:00","dataInicioVigencia":null,"dataFimVigencia":null,"data":"2026-04-07","numero":201,"categoria":"Decreto","situacao":"Em vigor","descricao":""},{"ementa":"Concede licen\u00e7a ao servidor efetivo para tratar de interesses particulares, e d\u00e1 outras provid\u00eancias.","dataAtualizacao":"2026-04-10 08:37:03","dataInicioVigencia":null,"dataFimVigencia":null,"data":"2026-04-07","numero":200,"categoria":"Decreto","situacao":"Em vigor","descricao":""},{"ementa":"Disp\u00f5e sobre a aprova\u00e7\u00e3o da utiliza\u00e7\u00e3o de rendimentos provenientes da aplica\u00e7\u00e3o financeira de recursos de projeto da Vila Educacional de Meninas \u2013 VEM.","dataAtualizacao":"2026-04-06 15:43:43","dataInicioVigencia":null,"dataFimVigencia":null,"data":"2026-04-06","numero":372,"categoria":"Resolu\u00e7\u00e3o","situacao":"Em vigor","descricao":""},{"ementa":"Disp\u00f5e sobre a aprova\u00e7\u00e3o da utiliza\u00e7\u00e3o de rendimentos provenientes da aplica\u00e7\u00e3o financeira de recursos de projeto, bem como sobre a aprova\u00e7\u00e3o de aditivo de prazo, no \u00e2mbito da Vila Educacional de Meninas \u2013 VEM.","dataAtualizacao":"2026-04-06 15:41:54","dataInicioVigencia":null,"dataFimVigencia":null,"data":"2026-04-06","numero":371,"categoria":"Resolu\u00e7\u00e3o","situacao":"Em vigor","descricao":""},{"ementa":"Disp\u00f5e sobre a aprova\u00e7\u00e3o das Comiss\u00f5es Permanentes do Conselho Municipal dos Direitos da Crian\u00e7a e do Adolescente \u2013 CMDCA.","dataAtualizacao":"2026-04-06 15:40:20","dataInicioVigencia":null,"dataFimVigencia":null,"data":"2026-04-06","numero":370,"categoria":"Resolu\u00e7\u00e3o","situacao":"Em vigor","descricao":""},{"ementa":"Disp\u00f5e sobre a aprova\u00e7\u00e3o da Mesa Diretora do Conselho Municipal dos Direitos da Crian\u00e7a e do Adolescente \u2013 CMDCA.","dataAtualizacao":"2026-04-06 15:38:04","dataInicioVigencia":null,"dataFimVigencia":null,"data":"2026-04-06","numero":369,"categoria":"Resolu\u00e7\u00e3o","situacao":"Em vigor","descricao":""},{"ementa":"Regulamenta a Lei Federal n.\u00ba 14.129, de 29 de mar\u00e7o de 2021, no \u00e2mbito do Munic\u00edpio de Diamantina\/MG, e institui diretrizes para a implementa\u00e7\u00e3o do Governo Digital no Poder Executivo Municipal.","dataAtualizacao":"2026-04-10 08:36:08","dataInicioVigencia":null,"dataFimVigencia":null,"data":"2026-04-06","numero":199,"categoria":"Decreto","situacao":"Em vigor","descricao":""},{"ementa":"Nomeia, em substitui\u00e7\u00e3o, membro para recompor o Conselho Municipal dos Direitos da Crian\u00e7a e do Adolescente - CMDCA, e d\u00e1 outras provid\u00eancias.","dataAtualizacao":"2026-04-10 08:35:03","dataInicioVigencia":null,"dataFimVigencia":null,"data":"2026-04-06","numero":198,"categoria":"Decreto","situacao":"Em vigor","descricao":""},{"ementa":"Torna p\u00fablica rescis\u00e3o de Contrato Administrativo de Trabalho Tempor\u00e1rio.","dataAtualizacao":"2026-04-07 15:36:59","dataInicioVigencia":null,"dataFimVigencia":null,"data":"2026-04-06","numero":3,"categoria":"Portaria","situacao":"Em vigor","descricao":""},{"ementa":"Torna p\u00fablica rescis\u00e3o de Contrato Administrativo de Trabalho Tempor\u00e1rio.","dataAtualizacao":"2026-04-07 15:36:20","dataInicioVigencia":null,"dataFimVigencia":null,"data":"2026-04-06","numero":2,"categoria":"Portaria","situacao":"Em vigor","descricao":""},{"ementa":"Disp\u00f5e sobre a aprova\u00e7\u00e3o a devolu\u00e7\u00e3o de recurso oriundo de emenda parlamentar destinada a Associa\u00e7\u00e3o a Grande Vit\u00f3ria de S\u00e3o Jo\u00e3o da Chapada e Regi\u00e3o","dataAtualizacao":"2026-04-01 15:37:57","dataInicioVigencia":null,"dataFimVigencia":null,"data":"2026-04-01","numero":327,"categoria":"Resolu\u00e7\u00e3o","situacao":"Em vigor","descricao":""},{"ementa":"Disp\u00f5e sobre a aprova\u00e7\u00e3o a inclus\u00e3o do Fundo Municipal de Assist\u00eancia Social como Unidade Benefici\u00e1ria da Programa\u00e7\u00e3o n\u00ba 312160520240003 \u2013 GND-3","dataAtualizacao":"2026-04-01 15:36:40","dataInicioVigencia":null,"dataFimVigencia":null,"data":"2026-04-01","numero":326,"categoria":"Resolu\u00e7\u00e3o","situacao":"Em vigor","descricao":""},{"ementa":"Disp\u00f5e sobre a aprova\u00e7\u00e3o a exclus\u00e3o da Unidade Benefici\u00e1ria Comunidade de Obras Sociais da Programa\u00e7\u00e3o n\u00ba 312160520230008 \u2013 GND-3","dataAtualizacao":"2026-04-01 15:35:21","dataInicioVigencia":null,"dataFimVigencia":null,"data":"2026-04-01","numero":325,"categoria":"Resolu\u00e7\u00e3o","situacao":"Em vigor","descricao":""},{"ementa":"Disp\u00f5e sobre a aprova\u00e7\u00e3o da do Termo Aditivo do Centro Dia da Associa\u00e7\u00e3o de Pais e Amigos dos Excepcionais - APAE.","dataAtualizacao":"2026-04-01 15:33:48","dataInicioVigencia":null,"dataFimVigencia":null,"data":"2026-04-01","numero":324,"categoria":"Resolu\u00e7\u00e3o","situacao":"Em vigor","descricao":""},{"ementa":"Disp\u00f5e sobre a aprova\u00e7\u00e3o da do Plano de Servi\u00e7o do Piso Mineiro de Assist\u00eancia Social de 2026.","dataAtualizacao":"2026-04-01 15:32:27","dataInicioVigencia":null,"dataFimVigencia":null,"data":"2026-04-01","numero":323,"categoria":"Resolu\u00e7\u00e3o","situacao":"Em vigor","descricao":""},{"ementa":"Nomeia interinamente substituto para servidor ocupante de cargo comissionado no Poder Executivo Municipal de Diamantina, na estrutura organizacional da Secretaria Municipal de Planejamento, Or\u00e7amento e Gest\u00e3o, durante per\u00edodo de f\u00e9rias regulamentares, e d\u00e1 outras provid\u00eancias.","dataAtualizacao":"2026-04-06 14:31:15","dataInicioVigencia":null,"dataFimVigencia":null,"data":"2026-04-01","numero":197,"categoria":"Decreto","situacao":"Em vigor","descricao":""},{"ementa":"Nomeia membros para compor o Conselho Municipal de Promo\u00e7\u00e3o da Igualdade Racial \u2013 COMPIR de Diamantina, e d\u00e1 outras provid\u00eancias.","dataAtualizacao":"2026-04-10 08:34:07","dataInicioVigencia":null,"dataFimVigencia":null,"data":"2026-04-01","numero":193,"categoria":"Decreto","situacao":"Em vigor","descricao":""},{"ementa":"FIXA, PARA O EXERC\u00cdCIO FINANCEIRO DE 2026, AS DATAS E AS CONDI\u00c7\u00d5ES DO PAGAMENTO DO IMPOSTO PREDIAL E TERRITORIAL URBANO \u2013 IPTU, DA TAXA DE COLETA, REMO\u00c7\u00c3O E DESTINA\u00c7\u00c3O DE RES\u00cdDUOS S\u00d3LIDOS URBANOS, DA CONTRIBUI\u00c7\u00c3O DE ILUMINA\u00c7\u00c3O P\u00daBLICA INCIDENTE SOBRE IM\u00d3VEIS N\u00c3O EDIFICADOS,  E D\u00c1 OUTRAS PROVID\u00caNCIAS.","dataAtualizacao":"2026-04-06 14:30:30","dataInicioVigencia":null,"dataFimVigencia":null,"data":"2026-04-01","numero":192,"categoria":"Decreto","situacao":"Em vigor","descricao":""},{"ementa":"Nomeia servidora da Secretaria Municipal de Administra\u00e7\u00e3o para realizar despesas pelo regime de adiantamento conforme disposto no Decreto n\u00b0 253, de 10 de julho de 2009, retificado pelo Decreto n\u00ba 549, de 30 de novembro de 2021, e d\u00e1 outras provid\u00eancias.","dataAtualizacao":"2026-04-06 14:32:41","dataInicioVigencia":null,"dataFimVigencia":null,"data":"2026-04-01","numero":25,"categoria":"Portaria","situacao":"Em vigor","descricao":""},{"ementa":"Amplia a carga hor\u00e1ria dos servidores do magist\u00e9rio do Poder Executivo Municipal de Diamantina, e d\u00e1 outras provid\u00eancias.","dataAtualizacao":"2026-04-09 10:03:20","dataInicioVigencia":null,"dataFimVigencia":null,"data":"2026-03-31","numero":191,"categoria":"Decreto","situacao":"Em vigor","descricao":""},{"ementa":"Concede f\u00e9rias-pr\u00eamio aos servidores que especifica, e d\u00e1 outras provid\u00eancias.","dataAtualizacao":"2026-04-10 08:32:21","dataInicioVigencia":null,"dataFimVigencia":null,"data":"2026-03-31","numero":190,"categoria":"Decreto","situacao":"Em vigor","descricao":""},{"ementa":"Cancela f\u00e9rias-pr\u00eamio concedida a servidor do Poder Executivo Municipal, e d\u00e1 outras provid\u00eancias.","dataAtualizacao":"2026-04-10 08:31:32","dataInicioVigencia":null,"dataFimVigencia":null,"data":"2026-03-31","numero":189,"categoria":"Decreto","situacao":"Em vigor","descricao":""},{"ementa":"Determina a interdi\u00e7\u00e3o de vias p\u00fablicas durante as celebra\u00e7\u00f5es da Semana Santa 2026, e d\u00e1 outras provid\u00eancias.","dataAtualizacao":"2026-04-01 10:20:53","dataInicioVigencia":null,"dataFimVigencia":null,"data":"2026-03-31","numero":188,"categoria":"Decreto","situacao":"Em vigor","descricao":""},{"ementa":"Exonera servidora ocupante de cargo comissionado no Poder Executivo Municipal de Diamantina, na estrutura organizacional da Secretaria Municipal de Governo, e d\u00e1 outras provid\u00eancias.","dataAtualizacao":"2026-04-01 10:07:21","dataInicioVigencia":null,"dataFimVigencia":null,"data":"2026-03-31","numero":187,"categoria":"Decreto","situacao":"Em vigor","descricao":""},{"ementa":"FIXA, PARA O EXERC\u00cdCIO FINANCEIRO DE 2026, AS DATAS E AS CONDI\u00c7\u00d5ES DO PAGAMENTO DO IMPOSTO SOBRE SERVI\u00c7OS DE QUALQUER NATUREZA \u2013 ISSQN, FIXO ANUAL, DAS TAXAS DE FISCALIZA\u00c7\u00c3O DE LOCALIZA\u00c7\u00c3O E FUNCIONAMENTO, DAS TAXAS DE OCUPA\u00c7\u00c3O DE VIAS P\u00daBLICAS E DEMAIS TAXAS ANUAIS, E D\u00c1 OUTRAS PROVID\u00caNCIAS.","dataAtualizacao":"2026-04-01 10:06:35","dataInicioVigencia":null,"dataFimVigencia":null,"data":"2026-03-27","numero":186,"categoria":"Decreto","situacao":"Em vigor","descricao":""},{"ementa":"Nomeia servidor ocupante de cargo comissionado do Poder Executivo Municipal de Diamantina, na estrutura organizacional da Secretaria Municipal de Agropecu\u00e1ria e Meio Ambiente, e d\u00e1 outras provid\u00eancias.","dataAtualizacao":"2026-04-01 10:05:49","dataInicioVigencia":null,"dataFimVigencia":null,"data":"2026-03-27","numero":185,"categoria":"Decreto","situacao":"Em vigor","descricao":""},{"ementa":"Nomeia interinamente substituta para servidora ocupante de cargo comissionado, na estrutura organizacional da Secretaria Municipal de Cultura e Patrim\u00f4nio, durante per\u00edodo de f\u00e9rias regulamentares, e d\u00e1 outras provid\u00eancias.","dataAtualizacao":"2026-04-01 10:04:57","dataInicioVigencia":null,"dataFimVigencia":null,"data":"2026-03-27","numero":184,"categoria":"Decreto","situacao":"Em vigor","descricao":""},{"ementa":"Autoriza servidor p\u00fablico municipal a conduzir ve\u00edculo oficial do Poder Executivo do Munic\u00edpio de Diamantina, e d\u00e1 outras provid\u00eancias.","dataAtualizacao":"2026-04-01 10:30:03","dataInicioVigencia":null,"dataFimVigencia":null,"data":"2026-03-27","numero":24,"categoria":"Portaria","situacao":"Em vigor","descricao":""},{"ementa":"Institui Comiss\u00e3o de Monitoramento e Avalia\u00e7\u00e3o destinada a monitorar e avaliar a parceria celebrada com a Mitra Arquidiocesana de Diamantina, e designa gestor da respectiva parceria, nos termos de que trata a Lei Federal 13.019, de 31 de julho de 2014, e o Decreto Municipal n\u00b0 29, de 19 de janeiro de 2018.","dataAtualizacao":"2026-03-31 09:57:59","dataInicioVigencia":null,"dataFimVigencia":null,"data":"2026-03-27","numero":23,"categoria":"Portaria","situacao":"Em vigor","descricao":""},{"ementa":"Institui Comiss\u00e3o de Monitoramento e Avalia\u00e7\u00e3o destinada a monitorar e avaliar a parceria celebrada com a Associa\u00e7\u00e3o de Pais e Amigos dos Excepcionais de Diamantina\/MG - APAE e designa gestor da respectiva parceria, nos termos de que trata a Lei Federal 13.019, de 31 de julho de 2014, e o Decreto Municipal n\u00b0 29, de 19 de janeiro de 2018.","dataAtualizacao":"2026-03-31 09:56:18","dataInicioVigencia":null,"dataFimVigencia":null,"data":"2026-03-27","numero":22,"categoria":"Portaria","situacao":"Em vigor","descricao":""},{"ementa":"Cancela licen\u00e7a para tratar de interesses particulares concedida a servidor do Executivo Municipal que especifica, e d\u00e1 outras provid\u00eancias.","dataAtualizacao":"2026-04-01 10:01:50","dataInicioVigencia":null,"dataFimVigencia":null,"data":"2026-03-26","numero":183,"categoria":"Decreto","situacao":"Em vigor","descricao":""},{"ementa":"Declara Situa\u00e7\u00e3o de Emerg\u00eancia nas \u00e1reas do Munic\u00edpio de Diamantina\/MG, afetadas por Tempestade Local\/Convectiva - Chuvas Intensas, COBRADE: 1.3.2.1.4, conforme legisla\u00e7\u00e3o aplicada ao tema.","dataAtualizacao":"2026-03-31 10:22:08","dataInicioVigencia":null,"dataFimVigencia":null,"data":"2026-03-26","numero":182,"categoria":"Decreto","situacao":"Em vigor","descricao":""},{"ementa":"Disp\u00f5e sobre o funcionamento dos setores e servi\u00e7os vinculados \u00e0 Secretaria Municipal de Sa\u00fade no dia 02 de abril de 2026, em raz\u00e3o do ponto facultativo estabelecido no \u00e2mbito da Administra\u00e7\u00e3o P\u00fablica Municipal.","dataAtualizacao":"2026-03-27 16:19:49","dataInicioVigencia":null,"dataFimVigencia":null,"data":"2026-03-26","numero":5,"categoria":"Portaria","situacao":"Em vigor","descricao":""},{"ementa":"PORTARIA SMCP N\u00ba 002, DE 25 DE MAR\u00c7O DE 2026 - Disp\u00f5e sobre o refor\u00e7o das normas de registro de ponto, controle de frequ\u00eancia, cumprimento da jornada de trabalho e intervalo intrajornada no \u00e2mbito da Secretaria Municipal de Cultura e Patrim\u00f4nio, e provid\u00eancias.","dataAtualizacao":"2026-03-26 17:02:04","dataInicioVigencia":null,"dataFimVigencia":null,"data":"2026-03-26","numero":2,"categoria":"Portaria","situacao":"Em vigor","descricao":""},{"ementa":"Disp\u00f5e sobre a retifica\u00e7\u00e3o da Lei Municipal n\u00ba 4.399, de 11 de fevereiro de 2026, para corre\u00e7\u00e3o de erro material, e d\u00e1 outras provid\u00eancias.","dataAtualizacao":"2026-03-26 10:09:29","dataInicioVigencia":null,"dataFimVigencia":null,"data":"2026-03-25","numero":4400,"categoria":"Lei Ordin\u00e1ria","situacao":"Em vigor","descricao":""},{"ementa":"Autoriza o afastamento de servidor para estudo em P\u00f3s-Gradua\u00e7\u00e3o em Educa\u00e7\u00e3o, realizado pela Universidade Federal dos Vales do Jequitinhonha e Mucuri - UFVJM, e d\u00e1 outras provid\u00eancias.","dataAtualizacao":"2026-04-01 10:01:04","dataInicioVigencia":null,"dataFimVigencia":null,"data":"2026-03-25","numero":181,"categoria":"Decreto","situacao":"Em vigor","descricao":""},{"ementa":"Nomeia servidora ocupante de fun\u00e7\u00e3o gratificada do Poder Executivo Municipal de Diamantina, na estrutura organizacional da Secretaria Municipal de Educa\u00e7\u00e3o, e d\u00e1 outras provid\u00eancias.","dataAtualizacao":"2026-04-01 09:59:07","dataInicioVigencia":null,"dataFimVigencia":null,"data":"2026-03-25","numero":180,"categoria":"Decreto","situacao":"Em vigor","descricao":""},{"ementa":"Declara situa\u00e7\u00e3o de emerg\u00eancia nas \u00e1reas do Munic\u00edpio de Diamantina afetadas por Chuvas Intensas - 1.3.2.1.4 (COBRADE), conforme a Instru\u00e7\u00e3o Normativa MDR n\u00ba 36\/2020, e d\u00e1 outras provid\u00eancias.","dataAtualizacao":"2026-03-26 09:37:44","dataInicioVigencia":null,"dataFimVigencia":null,"data":"2026-03-25","numero":179,"categoria":"Decreto","situacao":"Em vigor","descricao":""},{"ementa":"Altera a Portaria n\u00ba 129, de 26 de julho de 2023, que \u201cNomeia Comiss\u00e3o para fins de Avalia\u00e7\u00e3o da prova de conceito no processo licitat\u00f3rio de contrata\u00e7\u00e3o de presta\u00e7\u00e3o de servi\u00e7o de licenciamento de sistema integrado de gest\u00e3o p\u00fablica no \u00e2mbito do munic\u00edpio de Diamantina, e d\u00e1 outras provid\u00eancias.\u201d","dataAtualizacao":"2026-03-31 09:55:00","dataInicioVigencia":null,"dataFimVigencia":null,"data":"2026-03-25","numero":21,"categoria":"Portaria","situacao":"Em vigor","descricao":""},{"ementa":"PORTARIA SMCP N\u00ba 001, DE 25 DE MAR\u00c7O DE 2026 - Disp\u00f5e sobre a designa\u00e7\u00e3o da Comiss\u00e3o Julgadora do Concurso Art\u00edstico de Tapetes Devocionais da Semana Santa de 2026 e d\u00e1 outras provid\u00eancias.","dataAtualizacao":"2026-03-26 16:52:03","dataInicioVigencia":null,"dataFimVigencia":null,"data":"2026-03-25","numero":1,"categoria":"Portaria","situacao":"Em vigor","descricao":""},{"ementa":"Declara vac\u00e2ncia de cargo p\u00fablico de servidora efetiva por motivo de exonera\u00e7\u00e3o.","dataAtualizacao":"2026-03-25 10:17:12","dataInicioVigencia":null,"dataFimVigencia":null,"data":"2026-03-24","numero":176,"categoria":"Decreto","situacao":"Em vigor","descricao":""},{"ementa":"Altera o Decreto n\u00ba 306, de 15 de outubro de 2018, que disp\u00f5e sobre o Comit\u00ea de Investimentos dos Recursos do FUMPREV, e d\u00e1 outras provid\u00eancias.","dataAtualizacao":"2026-03-25 10:09:54","dataInicioVigencia":null,"dataFimVigencia":null,"data":"2026-03-24","numero":175,"categoria":"Decreto","situacao":"Em vigor","descricao":""},{"ementa":"Declara vac\u00e2ncia de cargo p\u00fablico de servidora efetiva por motivo de aposentadoria.","dataAtualizacao":"2026-03-25 10:05:03","dataInicioVigencia":null,"dataFimVigencia":null,"data":"2026-03-20","numero":174,"categoria":"Decreto","situacao":"Em vigor","descricao":""},{"ementa":"Exonera servidora ocupante de cargo efetivo no Poder Executivo Municipal de Diamantina, na estrutura organizacional da Secretaria Municipal de Educa\u00e7\u00e3o, e d\u00e1 outras provid\u00eancias.","dataAtualizacao":"2026-03-25 10:03:56","dataInicioVigencia":null,"dataFimVigencia":null,"data":"2026-03-20","numero":173,"categoria":"Decreto","situacao":"Em vigor","descricao":""},{"ementa":"Regulamenta o \u00a72\u00ba do art. 97 da Lei Complementar n\u00ba 112\/2013, que disp\u00f5e sobre o parcelamento de taxas n\u00e3o cobradas conjuntamente com o IPTU e o ISSQN, e d\u00e1 outras provid\u00eancias.","dataAtualizacao":"2026-03-25 10:02:43","dataInicioVigencia":null,"dataFimVigencia":null,"data":"2026-03-20","numero":172,"categoria":"Decreto","situacao":"Em vigor","descricao":""},{"ementa":"Nomeia servidores ocupantes de fun\u00e7\u00e3o gratificada do Poder Executivo Municipal de Diamantina, na estrutura organizacional da Secretaria Municipal de Administra\u00e7\u00e3o, e d\u00e1 outras provid\u00eancias.","dataAtualizacao":"2026-03-25 10:01:17","dataInicioVigencia":null,"dataFimVigencia":null,"data":"2026-03-20","numero":171,"categoria":"Decreto","situacao":"Em vigor","descricao":""},{"ementa":"Exonera servidor ocupante de fun\u00e7\u00e3o gratificada no Poder Executivo Municipal de Diamantina, na estrutura organizacional da Secretaria Municipal de Administra\u00e7\u00e3o, e d\u00e1 outras provid\u00eancias.","dataAtualizacao":"2026-03-25 09:58:21","dataInicioVigencia":null,"dataFimVigencia":null,"data":"2026-03-20","numero":170,"categoria":"Decreto","situacao":"Em vigor","descricao":""},{"ementa":"Altera o decreto n\u00ba 235, de 28 de maio de 2012, que regulamenta o sistema de pre\u00e7os p\u00fablicos do munic\u00edpio de Diamantina, e d\u00e1 outras provid\u00eancias.","dataAtualizacao":"2026-03-25 09:52:36","dataInicioVigencia":null,"dataFimVigencia":null,"data":"2026-03-20","numero":169,"categoria":"Decreto","situacao":"Em vigor","descricao":""},{"ementa":"Nomeia, em substitui\u00e7\u00e3o, servidora para realizar liquida\u00e7\u00e3o de despesas afetas \u00e0 Secretaria Municipal de Sa\u00fade, e d\u00e1 outras provid\u00eancias.","dataAtualizacao":"2026-03-24 14:46:53","dataInicioVigencia":null,"dataFimVigencia":null,"data":"2026-03-20","numero":20,"categoria":"Portaria","situacao":"Em vigor","descricao":""},{"ementa":"Nomeia servidora ocupante de fun\u00e7\u00e3o gratificada do Poder Executivo Municipal de Diamantina, na estrutura organizacional da Secretaria Municipal de Desenvolvimento Social, e d\u00e1 outras provid\u00eancias.","dataAtualizacao":"2026-03-25 09:51:30","dataInicioVigencia":null,"dataFimVigencia":null,"data":"2026-03-19","numero":168,"categoria":"Decreto","situacao":"Em vigor","descricao":""},{"ementa":"Nomeia ocupante de cargo comissionado no Poder Executivo Municipal de Diamantina, na estrutura organizacional da Secretaria Municipal de Desenvolvimento Social, e d\u00e1 outras provid\u00eancias.","dataAtualizacao":"2026-03-25 09:50:02","dataInicioVigencia":null,"dataFimVigencia":null,"data":"2026-03-19","numero":167,"categoria":"Decreto","situacao":"Em vigor","descricao":""},{"ementa":"Exonera servidor ocupante de fun\u00e7\u00e3o gratificada no Poder Executivo Municipal de Diamantina, na estrutura organizacional da Secretaria Municipal de Desenvolvimento Social, e d\u00e1 outras provid\u00eancias.","dataAtualizacao":"2026-03-25 09:48:37","dataInicioVigencia":null,"dataFimVigencia":null,"data":"2026-03-19","numero":166,"categoria":"Decreto","situacao":"Em vigor","descricao":""},{"ementa":"DISP\u00d5E SOBRE ESTABILIDADE DOS SERVIDORES APROVADOS NO CONCURSO P\u00daBLICO DE PROVAS E T\u00cdTULOS, EDITAL 001\/2019, NOMEADOS E APROVADOS NA AVALIA\u00c7\u00c3O DE DESEMPENHO, CONFORME ARTIGOS 35 E 36 DA LEI COMPLEMENTAR N\u00ba 15, DE 12 DE JUNHO DE 1995 - QUE DISP\u00d5E SOBRE O                                                                                                                                                                                                                                                                                                                                                                                                                                                                                     ESTATUTO DO SERVIDOR P\u00daBLICO MUNICIPAL, COM AS ALTERA\u00c7\u00d5ES PROMOVIDAS PELA LEI COMPLEMENTAR N\u00ba 51, DE 13 DE NOVEMBRO DE 2002.","dataAtualizacao":"2026-03-25 09:47:25","dataInicioVigencia":null,"dataFimVigencia":null,"data":"2026-03-19","numero":165,"categoria":"Decreto","situacao":"Em vigor","descricao":""},{"ementa":"Disp\u00f5e sobre a aprova\u00e7\u00e3o do Plano de A\u00e7\u00e3o e Aplica\u00e7\u00e3o dos recursos do Fundo Municipal dos Direitos da Pessoa Idosa \u2013 FMDPI, para o per\u00edodo de 2026\u20132027.","dataAtualizacao":"2026-03-19 11:14:16","dataInicioVigencia":null,"dataFimVigencia":null,"data":"2026-03-19","numero":26,"categoria":"Resolu\u00e7\u00e3o","situacao":"Em vigor","descricao":""},{"ementa":"Disp\u00f5e sobre a aprova\u00e7\u00e3o do Regimento Interno do Conselho Municipal dos Direitos da Pessoa Idosa \u2013 CMDPI.","dataAtualizacao":"2026-03-19 11:11:28","dataInicioVigencia":null,"dataFimVigencia":null,"data":"2026-03-19","numero":25,"categoria":"Resolu\u00e7\u00e3o","situacao":"Em vigor","descricao":""},{"ementa":"Altera a Portaria n\u00ba 137, de 07 de outubro de 2025, que \u201cInstitui Comiss\u00e3o de Monitoramento e Avalia\u00e7\u00e3o destinada a monitorar e avaliar a parceria celebrada com a Associa\u00e7\u00e3o Amigos da Casa Lar e designa gestor da respectiva parceria, nos termos de que trata a Lei Federal 13.019, de 31 de julho de 2014, e o Decreto Municipal n\u00b0 29, de 19 de janeiro de 2018\u201d.","dataAtualizacao":"2026-03-25 13:07:15","dataInicioVigencia":null,"dataFimVigencia":null,"data":"2026-03-19","numero":19,"categoria":"Portaria","situacao":"Em vigor","descricao":""},{"ementa":"Altera a Portaria n\u00ba 107, de 19 de agosto de 2025, que \u201cInstitui Comiss\u00e3o de Monitoramento e Avalia\u00e7\u00e3o destinada a monitorar e avaliar a parceria celebrada com a Associa\u00e7\u00e3o do Grupo de Produtores Rurais de Inha\u00ed e Regi\u00e3o - AGPRIR, e designa gestor da respectiva parceria, nos termos de que trata a Lei Federal 13.019, de 31 de julho de 2014, e o Decreto Municipal n\u00b0 29, de 19 de janeiro de 2018.\u201d","dataAtualizacao":"2026-03-25 13:05:56","dataInicioVigencia":null,"dataFimVigencia":null,"data":"2026-03-19","numero":18,"categoria":"Portaria","situacao":"Em vigor","descricao":""},{"ementa":"Altera a Portaria n\u00ba 110, de 19 de agosto de 2025, que \u201cInstitui Comiss\u00e3o de Monitoramento e Avalia\u00e7\u00e3o destinada a monitorar e avaliar a parceria celebrada com a Associa\u00e7\u00e3o do P\u00e3o de Santo Ant\u00f4nio e designa gestor da respectiva parceria, nos termos de que trata a Lei Federal 13.019, de 31 de julho de 2014, e o Decreto Municipal n\u00b0 29, de 19 de janeiro de 2018.\u201d","dataAtualizacao":"2026-03-25 13:05:00","dataInicioVigencia":null,"dataFimVigencia":null,"data":"2026-03-19","numero":17,"categoria":"Portaria","situacao":"Em vigor","descricao":""},{"ementa":"Altera a Portaria n\u00ba 84, de 27 de junho de 2025, que \u201cInstitui Comiss\u00e3o de Monitoramento e Avalia\u00e7\u00e3o e o gestor da parceria, para Dispensa de Chamamento que ser\u00e1 celebrada com a Institui\u00e7\u00e3o Asilo de Idosos Casa Frederico Ozanam e designa gestor da respectiva parceria, nos termos de que trata a Lei Federal 13.019, de 31 de julho de 2014, e o Decreto Municipal n\u00ba 29, de 19 de janeiro de 2018.\u201d","dataAtualizacao":"2026-03-25 10:49:04","dataInicioVigencia":null,"dataFimVigencia":null,"data":"2026-03-19","numero":16,"categoria":"Portaria","situacao":"Em vigor","descricao":""},{"ementa":"Altera a Portaria n\u00ba 102, de 07 de agosto de 2025, que \u201cInstitui Comiss\u00e3o de Monitoramento e Avalia\u00e7\u00e3o e o gestor da parceria, para Dispensa de Chamamento que ser\u00e1 celebrada com a Institui\u00e7\u00e3o Asilo de Idosos Casa Frederico Ozanam e designa gestor da respectiva parceria, nos termos de que trata a Lei Federal 13.019, de 31 de julho de 2014, e o Decreto Municipal n\u00ba 29, de 19 de janeiro de 2018\u201d.","dataAtualizacao":"2026-03-25 10:24:47","dataInicioVigencia":null,"dataFimVigencia":null,"data":"2026-03-19","numero":15,"categoria":"Portaria","situacao":"Em vigor","descricao":""},{"ementa":"Altera a Comiss\u00e3o de Sele\u00e7\u00e3o para acompanhamento do Processo de Sele\u00e7\u00e3o de agentes para a execu\u00e7\u00e3o do Acordo de Coopera\u00e7\u00e3o T\u00e9cnica n. 7\/2023, visando execu\u00e7\u00e3o do ZAP \u2013 Zoneamento Ambiental Produtivo no Munic\u00edpio, junto \u00e0 Secretaria Municipal de Agropecu\u00e1ria e Meio Ambiente.","dataAtualizacao":"2026-04-14 15:28:04","dataInicioVigencia":null,"dataFimVigencia":null,"data":"2026-03-19","numero":1,"categoria":"Portaria","situacao":"Em vigor","descricao":""},{"ementa":"Altera a Portaria n\u00ba 83, de 27 de junho de 2025, que \u201cInstitui Comiss\u00e3o de Monitoramento e Avalia\u00e7\u00e3o e o gestor da parceria, para Dispensa de Chamamento que ser\u00e1 celebrada com a Institui\u00e7\u00e3o Asilo de Idosos Casa Frederico Ozanam e designa gestor da respectiva parceria, nos termos de que trata a Lei Federal 13.019, de 31 de julho de 2014, e o Decreto Municipal n\u00ba 29, de 19 de janeiro de 2018\u201d.","dataAtualizacao":"2026-03-25 10:19:57","dataInicioVigencia":null,"dataFimVigencia":null,"data":"2026-03-18","numero":14,"categoria":"Portaria","situacao":"Em vigor","descricao":""},{"ementa":"Nomeia interinamente substituto para servidor ocupante de fun\u00e7\u00e3o gratificada no Poder Executivo Municipal de Diamantina, na estrutura organizacional da Secretaria Municipal de Planejamento, Or\u00e7amento e Gest\u00e3o, durante per\u00edodo de substitui\u00e7\u00e3o, e d\u00e1 outras provid\u00eancias.","dataAtualizacao":"2026-03-19 09:32:20","dataInicioVigencia":null,"dataFimVigencia":null,"data":"2026-03-17","numero":164,"categoria":"Decreto","situacao":"Em vigor","descricao":""},{"ementa":"Nomeia interinamente substituto para servidor ocupante de cargo comissionado no Poder Executivo Municipal de Diamantina, na estrutura organizacional da Secretaria Municipal de Planejamento, Or\u00e7amento e Gest\u00e3o, durante per\u00edodo de licen\u00e7a maternidade, e d\u00e1 outras provid\u00eancias.","dataAtualizacao":"2026-03-19 09:31:33","dataInicioVigencia":null,"dataFimVigencia":null,"data":"2026-03-17","numero":163,"categoria":"Decreto","situacao":"Em vigor","descricao":""},{"ementa":"Altera a Portaria n\u00ba 129, de 26 de julho de 2023, que \u201cNomeia Comiss\u00e3o para fins de Avalia\u00e7\u00e3o da prova de conceito no processo licitat\u00f3rio de contrata\u00e7\u00e3o de presta\u00e7\u00e3o de servi\u00e7o de licenciamento de sistema integrado de gest\u00e3o p\u00fablica no \u00e2mbito do munic\u00edpio de Diamantina, e d\u00e1 outras provid\u00eancias.\u201d","dataAtualizacao":"2026-03-18 15:12:37","dataInicioVigencia":null,"dataFimVigencia":null,"data":"2026-03-17","numero":13,"categoria":"Portaria","situacao":"Em vigor","descricao":""},{"ementa":"Cancela licen\u00e7a para tratar de interesses particulares concedida a servidor do Executivo Municipal que especifica, e d\u00e1 outras provid\u00eancias.","dataAtualizacao":"2026-03-19 09:30:42","dataInicioVigencia":null,"dataFimVigencia":null,"data":"2026-03-16","numero":162,"categoria":"Decreto","situacao":"Em vigor","descricao":""},{"ementa":"Nomeia servidora ocupante de fun\u00e7\u00e3o gratificada do Poder Executivo Municipal de Diamantina, na estrutura organizacional da Secretaria Municipal de Sa\u00fade, e d\u00e1 outras provid\u00eancias.","dataAtualizacao":"2026-03-16 09:59:47","dataInicioVigencia":null,"dataFimVigencia":null,"data":"2026-03-12","numero":161,"categoria":"Decreto","situacao":"Em vigor","descricao":""},{"ementa":"Exonera servidora ocupante de fun\u00e7\u00e3o gratificada no Poder Executivo Municipal de Diamantina, na estrutura organizacional da Secretaria Municipal de Sa\u00fade, e d\u00e1 outras provid\u00eancias.","dataAtualizacao":"2026-03-16 09:59:03","dataInicioVigencia":null,"dataFimVigencia":null,"data":"2026-03-12","numero":160,"categoria":"Decreto","situacao":"Em vigor","descricao":""},{"ementa":"Exonera servidora ocupante de fun\u00e7\u00e3o gratificada no Poder Executivo Municipal de Diamantina, na estrutura organizacional do Gabinete do Prefeito, e d\u00e1 outras provid\u00eancias.","dataAtualizacao":"2026-03-16 09:56:54","dataInicioVigencia":null,"dataFimVigencia":null,"data":"2026-03-12","numero":159,"categoria":"Decreto","situacao":"Em vigor","descricao":""},{"ementa":"Declara vac\u00e2ncia de cargo p\u00fablico de servidora efetiva por motivo de aposentadoria.","dataAtualizacao":"2026-03-16 09:56:02","dataInicioVigencia":null,"dataFimVigencia":null,"data":"2026-03-12","numero":158,"categoria":"Decreto","situacao":"Em vigor","descricao":""},{"ementa":"Nomeia servidor ocupante de cargo comissionado do Poder Executivo Municipal de Diamantina, na estrutura organizacional da Secretaria Municipal de Desenvolvimento Social, e d\u00e1 outras provid\u00eancias.","dataAtualizacao":"2026-03-16 09:54:23","dataInicioVigencia":null,"dataFimVigencia":null,"data":"2026-03-12","numero":157,"categoria":"Decreto","situacao":"Em vigor","descricao":""},{"ementa":"Nomeia servidores ocupantes de fun\u00e7\u00e3o gratificada do Poder Executivo Municipal de Diamantina, na estrutura organizacional da Secretaria Municipal de Sa\u00fade, e d\u00e1 outras provid\u00eancias.","dataAtualizacao":"2026-03-16 09:53:11","dataInicioVigencia":null,"dataFimVigencia":null,"data":"2026-03-12","numero":156,"categoria":"Decreto","situacao":"Em vigor","descricao":""},{"ementa":"Exonera servidores ocupantes de fun\u00e7\u00e3o gratificada no Poder Executivo Municipal de Diamantina, na estrutura organizacional da Secretaria Municipal de Sa\u00fade, e d\u00e1 outras provid\u00eancias.","dataAtualizacao":"2026-03-16 09:52:08","dataInicioVigencia":null,"dataFimVigencia":null,"data":"2026-03-12","numero":155,"categoria":"Decreto","situacao":"Em vigor","descricao":""},{"ementa":"Disp\u00f5e sobre a cess\u00e3o de servidora p\u00fablico da Administra\u00e7\u00e3o Municipal do Poder Executivo que especifica, e d\u00e1 outras provid\u00eancias.","dataAtualizacao":"2026-03-16 09:51:11","dataInicioVigencia":null,"dataFimVigencia":null,"data":"2026-03-12","numero":154,"categoria":"Decreto","situacao":"Em vigor","descricao":""},{"ementa":"Exonera servidor ocupante de cargo comissionado no Poder Executivo Municipal de Diamantina, na estrutura organizacional da Secretaria Municipal de Agropecu\u00e1ria e Meio Ambiente, e d\u00e1 outras provid\u00eancias.","dataAtualizacao":"2026-03-16 09:50:36","dataInicioVigencia":null,"dataFimVigencia":null,"data":"2026-03-12","numero":153,"categoria":"Decreto","situacao":"Em vigor","descricao":""},{"ementa":"Concede licen\u00e7a ao servidor efetivo para tratar de interesses particulares, e d\u00e1 outras provid\u00eancias.","dataAtualizacao":"2026-03-16 09:49:35","dataInicioVigencia":null,"dataFimVigencia":null,"data":"2026-03-11","numero":152,"categoria":"Decreto","situacao":"Em vigor","descricao":""},{"ementa":"Regulamenta a progress\u00e3o por titula\u00e7\u00e3o ou qualifica\u00e7\u00e3o prevista no Plano de Cargos, Carreiras e Vencimentos dos servidores p\u00fablicos do magist\u00e9rio e demais servidores do quadro setorial da Educa\u00e7\u00e3o do Poder Executivo do Munic\u00edpio de Diamantina, referente ao interst\u00edcio 2024\/2025 e d\u00e1 outras provid\u00eancias.","dataAtualizacao":"2026-03-13 13:59:44","dataInicioVigencia":null,"dataFimVigencia":null,"data":"2026-03-11","numero":151,"categoria":"Decreto","situacao":"Em vigor","descricao":""},{"ementa":"Regulamenta a progress\u00e3o por m\u00e9rito prevista no Plano de Cargos, Carreiras e Vencimentos dos servidores p\u00fablicos do magist\u00e9rio e demais servidores do quadro setorial da Educa\u00e7\u00e3o do Poder Executivo do Munic\u00edpio de Diamantina referente ao interst\u00edcio 2024\/2025, e d\u00e1 outras provid\u00eancias.","dataAtualizacao":"2026-03-13 09:56:07","dataInicioVigencia":null,"dataFimVigencia":null,"data":"2026-03-11","numero":150,"categoria":"Decreto","situacao":"Em vigor","descricao":""},{"ementa":"Nomeia, em substitui\u00e7\u00e3o, membros para recompor o Conselho Municipal dos Direitos da Mulher - COMDIM, e d\u00e1 outras provid\u00eancias.","dataAtualizacao":"2026-03-16 09:47:44","dataInicioVigencia":null,"dataFimVigencia":null,"data":"2026-03-11","numero":149,"categoria":"Decreto","situacao":"Em vigor","descricao":""},{"ementa":"Declara vac\u00e2ncia de cargo p\u00fablico de servidora efetiva por motivo de exonera\u00e7\u00e3o.","dataAtualizacao":"2026-03-16 09:46:45","dataInicioVigencia":null,"dataFimVigencia":null,"data":"2026-03-11","numero":148,"categoria":"Decreto","situacao":"Em vigor","descricao":""},{"ementa":"Exonera servidora ocupante de cargo efetivo no Poder Executivo Municipal de Diamantina, na estrutura organizacional da Secretaria Municipal de Educa\u00e7\u00e3o, e d\u00e1 outras provid\u00eancias.","dataAtualizacao":"2026-03-16 09:44:40","dataInicioVigencia":null,"dataFimVigencia":null,"data":"2026-03-11","numero":147,"categoria":"Decreto","situacao":"Em vigor","descricao":""},{"ementa":"Autoriza servidores p\u00fablicos municipais a conduzirem ve\u00edculo oficial do Poder Executivo do Munic\u00edpio de Diamantina, e d\u00e1 outras provid\u00eancias.","dataAtualizacao":"2026-03-16 10:00:58","dataInicioVigencia":null,"dataFimVigencia":null,"data":"2026-03-11","numero":12,"categoria":"Portaria","situacao":"Em vigor","descricao":""},{"ementa":"Cr\u00e9dito Adicional Suplementar","dataAtualizacao":"2026-04-23 15:26:16","dataInicioVigencia":null,"dataFimVigencia":null,"data":"2026-03-09","numero":146,"categoria":"Decreto","situacao":"Em vigor","descricao":""},{"ementa":"Cancela licen\u00e7a para tratar de interesses particulares concedida a servidora do Executivo Municipal que especifica, e d\u00e1 outras provid\u00eancias.","dataAtualizacao":"2026-03-10 10:11:55","dataInicioVigencia":null,"dataFimVigencia":null,"data":"2026-03-09","numero":145,"categoria":"Decreto","situacao":"Em vigor","descricao":""},{"ementa":"Nomeia ocupantes de cargo comissionado no Poder Executivo Municipal de Diamantina, na estrutura organizacional da Secretaria Municipal de Sa\u00fade, e d\u00e1 outras provid\u00eancias.","dataAtualizacao":"2026-03-10 10:08:37","dataInicioVigencia":null,"dataFimVigencia":null,"data":"2026-03-09","numero":143,"categoria":"Decreto","situacao":"Em vigor","descricao":""},{"ementa":"Exonera ocupante de cargo comissionado no Poder Executivo Municipal de Diamantina, na estrutura organizacional da Secretaria Municipal de Sa\u00fade, e d\u00e1 outras provid\u00eancias.","dataAtualizacao":"2026-03-10 10:07:29","dataInicioVigencia":null,"dataFimVigencia":null,"data":"2026-03-09","numero":142,"categoria":"Decreto","situacao":"Em vigor","descricao":""},{"ementa":"Exonera servidor ocupante de cargo comissionado no Poder Executivo Municipal de Diamantina, na estrutura organizacional da Secretaria Municipal de Governo, e d\u00e1 outras provid\u00eancias.","dataAtualizacao":"2026-03-10 10:01:42","dataInicioVigencia":null,"dataFimVigencia":null,"data":"2026-03-09","numero":141,"categoria":"Decreto","situacao":"Em vigor","descricao":""},{"ementa":"Nomeia servidor ocupante de cargo comissionado no Poder Executivo Municipal de Diamantina, na estrutura organizacional da Secretaria Municipal de Administra\u00e7\u00e3o, e d\u00e1 outras provid\u00eancias.","dataAtualizacao":"2026-03-06 09:58:42","dataInicioVigencia":null,"dataFimVigencia":null,"data":"2026-03-05","numero":140,"categoria":"Decreto","situacao":"Em vigor","descricao":""},{"ementa":"Exonera servidor ocupante de cargo comissionado no Poder Executivo Municipal de Diamantina, na estrutura organizacional da Secretaria Municipal de Administra\u00e7\u00e3o, e d\u00e1 outras provid\u00eancias.","dataAtualizacao":"2026-03-06 09:57:51","dataInicioVigencia":null,"dataFimVigencia":null,"data":"2026-03-05","numero":139,"categoria":"Decreto","situacao":"Em vigor","descricao":""},{"ementa":"Disp\u00f5e sobre o funcionamento dos setores e servi\u00e7os vinculados \u00e0 Secretaria Municipal de Sa\u00fade no dia 06 de mar\u00e7o de 2026, em raz\u00e3o do ponto facultativo estabelecido no \u00e2mbito da Administra\u00e7\u00e3o P\u00fablica Municipal.","dataAtualizacao":"2026-03-05 11:55:48","dataInicioVigencia":null,"dataFimVigencia":null,"data":"2026-03-05","numero":4,"categoria":"Portaria","situacao":"Em vigor","descricao":""},{"ementa":"Disp\u00f5e sobre o expediente dos \u00f3rg\u00e3os e entidades da Administra\u00e7\u00e3o P\u00fablica Municipal no dia 06 de mar\u00e7o de 2026, data comemorativa do anivers\u00e1rio do Munic\u00edpio de Diamantina, estabelece ponto facultativo no \u00e2mbito do Poder Executivo Municipal, e d\u00e1 outras provid\u00eancias.","dataAtualizacao":"2026-03-05 17:00:21","dataInicioVigencia":null,"dataFimVigencia":null,"data":"2026-03-04","numero":138,"categoria":"Decreto","situacao":"Em vigor","descricao":""},{"ementa":"Disp\u00f5e sobre a aprova\u00e7\u00e3o da destina\u00e7\u00e3o de recurso oriundo de emenda parlamentar ao Fundo Municipal de Assist\u00eancia Social.","dataAtualizacao":"2026-03-03 11:32:44","dataInicioVigencia":null,"dataFimVigencia":null,"data":"2026-03-03","numero":322,"categoria":"Resolu\u00e7\u00e3o","situacao":"Em vigor","descricao":""},{"ementa":"Disp\u00f5e sobre a aprova\u00e7\u00e3o de Plano de Trabalho para contrata\u00e7\u00e3o de profissionais para atua\u00e7\u00e3o no Centro-Dia, com recursos oriundos de emenda parlamentar.","dataAtualizacao":"2026-03-03 11:29:54","dataInicioVigencia":null,"dataFimVigencia":null,"data":"2026-03-03","numero":321,"categoria":"Resolu\u00e7\u00e3o","situacao":"Em vigor","descricao":""},{"ementa":"Disp\u00f5e sobre a aprova\u00e7\u00e3o do Parecer referente \u00e0 Lei de Diretrizes Or\u00e7ament\u00e1rias \u2013 LDO do Munic\u00edpio de Diamantina\/MG.","dataAtualizacao":"2026-03-03 11:28:05","dataInicioVigencia":null,"dataFimVigencia":null,"data":"2026-03-03","numero":320,"categoria":"Resolu\u00e7\u00e3o","situacao":"Em vigor","descricao":""},{"ementa":"ALTERA A RESOLU\u00c7\u00c3O CMAS N\u00ba 280\/2025, DE 11 DE FEVEREIRO DE 2025, QUE DISP\u00d5E SOBRE A COMPOSI\u00c7\u00c3O DAS COMISS\u00d5ES PERMANENTES DO CONSELHO MUNICIPAL DE ASSIST\u00caNCIA SOCIAL \u2013 CMAS.","dataAtualizacao":"2026-03-03 11:26:00","dataInicioVigencia":null,"dataFimVigencia":null,"data":"2026-03-03","numero":319,"categoria":"Resolu\u00e7\u00e3o","situacao":"Em vigor","descricao":""},{"ementa":"Disp\u00f5e sobre a aprova\u00e7\u00e3o da reprograma\u00e7\u00e3o do saldo das contas vinculadas \u00e0 Secretaria Municipal de Desenvolvimento Social.","dataAtualizacao":"2026-03-03 11:23:42","dataInicioVigencia":null,"dataFimVigencia":null,"data":"2026-03-03","numero":318,"categoria":"Resolu\u00e7\u00e3o","situacao":"Em vigor","descricao":""},{"ementa":"Exonera ocupante de cargo comissionado no Poder Executivo Municipal de Diamantina, na estrutura organizacional da Secretaria Municipal de Sa\u00fade, e d\u00e1 outras provid\u00eancias.","dataAtualizacao":"2026-03-06 09:57:00","dataInicioVigencia":null,"dataFimVigencia":null,"data":"2026-03-03","numero":136,"categoria":"Decreto","situacao":"Em vigor","descricao":""},{"ementa":"Concede licen\u00e7a ao servidor efetivo para tratar de interesses particulares, e d\u00e1 outras provid\u00eancias.","dataAtualizacao":"2026-03-06 09:56:03","dataInicioVigencia":null,"dataFimVigencia":null,"data":"2026-03-03","numero":135,"categoria":"Decreto","situacao":"Em vigor","descricao":""},{"ementa":"Declara vac\u00e2ncia de cargo p\u00fablico de servidora efetiva por motivo de exonera\u00e7\u00e3o.","dataAtualizacao":"2026-03-06 09:55:02","dataInicioVigencia":null,"dataFimVigencia":null,"data":"2026-03-03","numero":134,"categoria":"Decreto","situacao":"Em vigor","descricao":""},{"ementa":"Exonera servidora ocupante de cargo efetivo no Poder Executivo Municipal de Diamantina, na estrutura organizacional da Secretaria Municipal de Educa\u00e7\u00e3o, e d\u00e1 outras provid\u00eancias.","dataAtualizacao":"2026-03-06 09:54:12","dataInicioVigencia":null,"dataFimVigencia":null,"data":"2026-03-03","numero":133,"categoria":"Decreto","situacao":"Em vigor","descricao":""},{"ementa":"Prorroga, por um ano, o prazo de validade do Processo Seletivo que especifica, e d\u00e1 outras provid\u00eancias.","dataAtualizacao":"2026-03-06 09:53:00","dataInicioVigencia":null,"dataFimVigencia":null,"data":"2026-03-03","numero":132,"categoria":"Decreto","situacao":"Em vigor","descricao":""},{"ementa":"Prorroga, por um ano, o prazo de validade do Processo Seletivo que especifica, e d\u00e1 outras provid\u00eancias.","dataAtualizacao":"2026-03-06 09:51:11","dataInicioVigencia":null,"dataFimVigencia":null,"data":"2026-03-03","numero":131,"categoria":"Decreto","situacao":"Em vigor","descricao":""},{"ementa":"Nomeia interinamente substituto para servidor ocupante de cargo comissionado no Poder Executivo Municipal de Diamantina, na estrutura organizacional da Secretaria Municipal de Governo, durante per\u00edodo de licen\u00e7a paternidade, e d\u00e1 outras provid\u00eancias.","dataAtualizacao":"2026-03-06 09:44:58","dataInicioVigencia":null,"dataFimVigencia":null,"data":"2026-03-03","numero":130,"categoria":"Decreto","situacao":"Em vigor","descricao":""},{"ementa":"Nomeia servidor ocupante de cargo comissionado do Poder Executivo Municipal de Diamantina, na estrutura organizacional da Secretaria Municipal de Agropecu\u00e1ria e Meio Ambiente, e d\u00e1 outras provid\u00eancias.","dataAtualizacao":"2026-03-06 09:43:20","dataInicioVigencia":null,"dataFimVigencia":null,"data":"2026-03-02","numero":129,"categoria":"Decreto","situacao":"Em vigor","descricao":""},{"ementa":"Exonera servidor ocupante de cargo comissionado no Poder Executivo Municipal de Diamantina, na estrutura organizacional da Secretaria Municipal de Agropecu\u00e1ria e Meio Ambiente, e d\u00e1 outras provid\u00eancias.","dataAtualizacao":"2026-03-06 09:42:26","dataInicioVigencia":null,"dataFimVigencia":null,"data":"2026-03-02","numero":128,"categoria":"Decreto","situacao":"Em vigor","descricao":""},{"ementa":"Cr\u00e9dito Adicional Suplementar","dataAtualizacao":"2026-04-23 15:25:48","dataInicioVigencia":null,"dataFimVigencia":null,"data":"2026-03-02","numero":127,"categoria":"Decreto","situacao":"Em vigor","descricao":""},{"ementa":"Cr\u00e9dito Adicional Suplementar","dataAtualizacao":"2026-04-23 15:24:42","dataInicioVigencia":null,"dataFimVigencia":null,"data":"2026-03-02","numero":126,"categoria":"Decreto","situacao":"Em vigor","descricao":""},{"ementa":"Altera o Decreto n\u00ba 192, de 16 de abril de 2024, que institui o Comit\u00ea de Mortalidade Materno, Infantil e Fetal do Munic\u00edpio de Diamantina.","dataAtualizacao":"2026-03-06 09:41:12","dataInicioVigencia":null,"dataFimVigencia":null,"data":"2026-02-27","numero":125,"categoria":"Decreto","situacao":"Em vigor","descricao":""},{"ementa":"Nomeia servidor ocupante de cargo comissionado do Poder Executivo Municipal de Diamantina, na estrutura organizacional da Secretaria Municipal de Fazenda, e d\u00e1 outras provid\u00eancias.","dataAtualizacao":"2026-03-06 09:39:36","dataInicioVigencia":null,"dataFimVigencia":null,"data":"2026-02-27","numero":124,"categoria":"Decreto","situacao":"Em vigor","descricao":""},{"ementa":"Autoriza servidor p\u00fablico municipal a conduzir ve\u00edculo oficial do Poder Executivo do Munic\u00edpio de Diamantina, e d\u00e1 outras provid\u00eancias.","dataAtualizacao":"2026-03-06 09:59:48","dataInicioVigencia":null,"dataFimVigencia":null,"data":"2026-02-27","numero":11,"categoria":"Portaria","situacao":"Em vigor","descricao":""},{"ementa":"Autoriza o afastamento de servidora do Poder Executivo Municipal para estudo, e d\u00e1 outras provid\u00eancias.","dataAtualizacao":"2026-03-06 09:36:31","dataInicioVigencia":null,"dataFimVigencia":null,"data":"2026-02-25","numero":123,"categoria":"Decreto","situacao":"Em vigor","descricao":""},{"ementa":"Concede lota\u00e7\u00e3o a servidora da Secretaria Municipal de Educa\u00e7\u00e3o, que\r\nespecifica.","dataAtualizacao":"2026-02-25 15:17:17","dataInicioVigencia":null,"dataFimVigencia":null,"data":"2026-02-25","numero":4,"categoria":"Portaria","situacao":"Em vigor","descricao":"Concede lota\u00e7\u00e3o a servidora da Secretaria Municipal de Educa\u00e7\u00e3o, que\r\nespecifica."},{"ementa":"Exonera servidor ocupante de cargo comissionado no Poder Executivo Municipal de Diamantina, na estrutura organizacional da Secretaria Municipal de Desenvolvimento Social, e d\u00e1 outras provid\u00eancias.","dataAtualizacao":"2026-03-06 09:37:03","dataInicioVigencia":null,"dataFimVigencia":null,"data":"2026-02-24","numero":122,"categoria":"Decreto","situacao":"Em vigor","descricao":""},{"ementa":"Nomeia interinamente substituta para servidor ocupante de cargo comissionado no Poder Executivo Municipal de Diamantina, na estrutura organizacional da Secretaria Municipal de Esportes, Lazer e Juventude, durante per\u00edodo de f\u00e9rias regulamentares, e d\u00e1 outras provid\u00eancias.","dataAtualizacao":"2026-03-06 09:30:20","dataInicioVigencia":null,"dataFimVigencia":null,"data":"2026-02-23","numero":121,"categoria":"Decreto","situacao":"Em vigor","descricao":""},{"ementa":"Nomeia interinamente substituto para servidor ocupante de cargo comissionado no Poder Executivo Municipal de Diamantina, na estrutura organizacional da Secretaria Municipal de Governo, durante per\u00edodo de f\u00e9rias, e d\u00e1 outras provid\u00eancias.","dataAtualizacao":"2026-02-26 09:52:29","dataInicioVigencia":null,"dataFimVigencia":null,"data":"2026-02-23","numero":120,"categoria":"Decreto","situacao":"Em vigor","descricao":""},{"ementa":"Nomeia servidora ocupante de cargo comissionado do Poder Executivo Municipal de Diamantina, na estrutura organizacional da Secretaria Municipal de Desenvolvimento Social, e d\u00e1 outras provid\u00eancias.","dataAtualizacao":"2026-02-26 09:52:06","dataInicioVigencia":null,"dataFimVigencia":null,"data":"2026-02-23","numero":119,"categoria":"Decreto","situacao":"Em vigor","descricao":""},{"ementa":"Institui a Comiss\u00e3o Especial de Levantamento Documental no \u00e2mbito da Secretaria Municipal de Sa\u00fade de Diamantina\/MG, estabelece suas compet\u00eancias e provid\u00eancias correlatas.","dataAtualizacao":"2026-03-05 11:54:45","dataInicioVigencia":null,"dataFimVigencia":null,"data":"2026-02-23","numero":3,"categoria":"Portaria","situacao":"Em vigor","descricao":""},{"ementa":"Nomeia servidor ocupante de cargo comissionado do Poder Executivo Municipal de Diamantina, na estrutura organizacional do Gabinete do Prefeito, e d\u00e1 outras provid\u00eancias.","dataAtualizacao":"2026-02-26 09:51:43","dataInicioVigencia":null,"dataFimVigencia":null,"data":"2026-02-20","numero":118,"categoria":"Decreto","situacao":"Em vigor","descricao":""},{"ementa":"Exonera servidor ocupante de cargo comissionado no Poder Executivo Municipal de Diamantina, na estrutura organizacional do Gabinete do Prefeito e d\u00e1 outras provid\u00eancias.","dataAtualizacao":"2026-02-26 09:51:01","dataInicioVigencia":null,"dataFimVigencia":null,"data":"2026-02-20","numero":117,"categoria":"Decreto","situacao":"Em vigor","descricao":""},{"ementa":"Exonera ocupante de cargo comissionado no Poder Executivo Municipal de Diamantina, na estrutura organizacional da Secretaria Municipal de Sa\u00fade, e d\u00e1 outras provid\u00eancias.","dataAtualizacao":"2026-02-26 09:50:12","dataInicioVigencia":null,"dataFimVigencia":null,"data":"2026-02-20","numero":116,"categoria":"Decreto","situacao":"Em vigor","descricao":""},{"ementa":"Concede licen\u00e7a \u00e0 servidor efetivo por motivo de doen\u00e7a em pessoa da fam\u00edlia, e d\u00e1 outras provid\u00eancias.","dataAtualizacao":"2026-02-26 09:49:14","dataInicioVigencia":null,"dataFimVigencia":null,"data":"2026-02-20","numero":115,"categoria":"Decreto","situacao":"Em vigor","descricao":""},{"ementa":"Nomeia servidora ocupante de cargo comissionado do Poder Executivo Municipal de Diamantina, na estrutura organizacional da Secretaria Municipal de Agropecu\u00e1ria e Meio Ambiente, e d\u00e1 outras provid\u00eancias.","dataAtualizacao":"2026-02-23 10:04:11","dataInicioVigencia":null,"dataFimVigencia":null,"data":"2026-02-20","numero":114,"categoria":"Decreto","situacao":"Em vigor","descricao":""},{"ementa":"Exonera servidores ocupantes de cargo comissionado no Poder Executivo Municipal de Diamantina, na estrutura organizacional da Secretaria Municipal de Agropecu\u00e1ria e Meio Ambiente, e d\u00e1 outras provid\u00eancias.","dataAtualizacao":"2026-02-23 10:03:39","dataInicioVigencia":null,"dataFimVigencia":null,"data":"2026-02-20","numero":113,"categoria":"Decreto","situacao":"Em vigor","descricao":""},{"ementa":"Nomeia interinamente substituta para servidora ocupante de fun\u00e7\u00e3o gratificada no Poder Executivo Municipal de Diamantina, na estrutura organizacional da Secretaria Municipal de Fazenda, durante per\u00edodo de f\u00e9rias regulamentares, e d\u00e1 outras provid\u00eancias.","dataAtualizacao":"2026-02-26 09:47:58","dataInicioVigencia":null,"dataFimVigencia":null,"data":"2026-02-19","numero":112,"categoria":"Decreto","situacao":"Em vigor","descricao":""},{"ementa":"DISP\u00d5E SOBRE ESTABILIDADE DOS SERVIDORES APROVADOS NO CONCURSO P\u00daBLICO DE PROVAS E T\u00cdTULOS, EDITAL 001\/2019, NOMEADOS E APROVADOS NA AVALIA\u00c7\u00c3O DE DESEMPENHO, CONFORME ARTIGOS 35 E 36 DA LEI COMPLEMENTAR N\u00ba 15, DE 12 DE JUNHO DE 1995 - QUE DISP\u00d5E SOBRE O                                                                                                                                                                                                                                                                                                                                                                                                                                                                                 ESTATUTO DO SERVIDOR P\u00daBLICO MUNICIPAL, COM AS ALTERA\u00c7\u00d5ES PROMOVIDAS PELA LEI COMPLEMENTAR N\u00ba 51, DE 13 DE NOVEMBRO DE 2002.","dataAtualizacao":"2026-02-23 10:01:37","dataInicioVigencia":null,"dataFimVigencia":null,"data":"2026-02-19","numero":111,"categoria":"Decreto","situacao":"Em vigor","descricao":""},{"ementa":"Exonera servidor ocupante de cargo comissionado no Poder Executivo Municipal de Diamantina, na estrutura organizacional da Secretaria Municipal de Fazenda, e d\u00e1 outras provid\u00eancias.","dataAtualizacao":"2026-02-13 14:52:55","dataInicioVigencia":null,"dataFimVigencia":null,"data":"2026-02-12","numero":109,"categoria":"Decreto","situacao":"Em vigor","descricao":""},{"ementa":"Concede f\u00e9rias-pr\u00eamio aos servidores que especifica, e d\u00e1 outras provid\u00eancias.","dataAtualizacao":"2026-02-13 14:52:22","dataInicioVigencia":null,"dataFimVigencia":null,"data":"2026-02-12","numero":108,"categoria":"Decreto","situacao":"Em vigor","descricao":""},{"ementa":"Cancela f\u00e9rias-pr\u00eamio concedida a servidores do Poder Executivo Municipal, e d\u00e1 outras provid\u00eancias.","dataAtualizacao":"2026-02-13 14:51:46","dataInicioVigencia":null,"dataFimVigencia":null,"data":"2026-02-12","numero":107,"categoria":"Decreto","situacao":"Em vigor","descricao":""},{"ementa":"Concede licen\u00e7a ao servidor efetivo para tratar de interesses particulares, e d\u00e1 outras provid\u00eancias.","dataAtualizacao":"2026-02-13 14:51:17","dataInicioVigencia":null,"dataFimVigencia":null,"data":"2026-02-12","numero":106,"categoria":"Decreto","situacao":"Em vigor","descricao":""},{"ementa":"Declara vac\u00e2ncia de cargo p\u00fablico de servidora efetiva por motivo de aposentadoria.","dataAtualizacao":"2026-02-13 14:50:45","dataInicioVigencia":null,"dataFimVigencia":null,"data":"2026-02-12","numero":105,"categoria":"Decreto","situacao":"Em vigor","descricao":""},{"ementa":"Declara vac\u00e2ncia de cargo p\u00fablico de servidora efetiva por motivo de aposentadoria.","dataAtualizacao":"2026-02-13 14:49:32","dataInicioVigencia":null,"dataFimVigencia":null,"data":"2026-02-12","numero":104,"categoria":"Decreto","situacao":"Em vigor","descricao":""},{"ementa":"Declara vac\u00e2ncia de cargo p\u00fablico de servidora efetiva por motivo de aposentadoria.","dataAtualizacao":"2026-02-13 14:48:59","dataInicioVigencia":null,"dataFimVigencia":null,"data":"2026-02-12","numero":103,"categoria":"Decreto","situacao":"Em vigor","descricao":""},{"ementa":"Declara vac\u00e2ncia de cargo p\u00fablico de servidora efetiva por motivo de aposentadoria.","dataAtualizacao":"2026-02-13 14:48:09","dataInicioVigencia":null,"dataFimVigencia":null,"data":"2026-02-12","numero":102,"categoria":"Decreto","situacao":"Em vigor","descricao":""},{"ementa":"Declara vac\u00e2ncia de cargo p\u00fablico de servidora efetiva por motivo de aposentadoria.","dataAtualizacao":"2026-02-13 14:45:59","dataInicioVigencia":null,"dataFimVigencia":null,"data":"2026-02-12","numero":101,"categoria":"Decreto","situacao":"Em vigor","descricao":""},{"ementa":"Autoriza a abertura de cr\u00e9dito especial no Or\u00e7amento do Munic\u00edpio de Diamantina para o exerc\u00edcio de 2026, destinado \u00e0 inclus\u00e3o e cria\u00e7\u00e3o de dota\u00e7\u00f5es no Quadro de Detalhamento da Despesa \u2013 QDD, no \u00e2mbito da Secretaria Municipal de Sa\u00fade, e d\u00e1 outras provid\u00eancias.","dataAtualizacao":"2026-02-12 14:02:47","dataInicioVigencia":null,"dataFimVigencia":null,"data":"2026-02-11","numero":4399,"categoria":"Lei Ordin\u00e1ria","situacao":"Em vigor","descricao":""},{"ementa":"Autoriza a abertura de cr\u00e9dito adicional especial no or\u00e7amento do Munic\u00edpio para o exerc\u00edcio de 2026, e d\u00e1 outras provid\u00eancias.","dataAtualizacao":"2026-02-12 14:01:25","dataInicioVigencia":null,"dataFimVigencia":null,"data":"2026-02-11","numero":4398,"categoria":"Lei Ordin\u00e1ria","situacao":"Em vigor","descricao":""},{"ementa":"Autoriza o Poder Executivo Municipal a abrir cr\u00e9ditos adicionais suplementares, at\u00e9 o limite do super\u00e1vit financeiro apurado no Balan\u00e7o Patrimonial do exerc\u00edcio de 2025, por Fonte\/Destina\u00e7\u00e3o de Recursos (DDR), e d\u00e1 outras provid\u00eancias.","dataAtualizacao":"2026-02-12 13:53:35","dataInicioVigencia":null,"dataFimVigencia":null,"data":"2026-02-11","numero":4397,"categoria":"Lei Ordin\u00e1ria","situacao":"Em vigor","descricao":""},{"ementa":"Autoriza a abertura de cr\u00e9dito adicional especial no or\u00e7amento do Munic\u00edpio para o exerc\u00edcio de 2026, e d\u00e1 outras provid\u00eancias.","dataAtualizacao":"2026-02-12 13:52:11","dataInicioVigencia":null,"dataFimVigencia":null,"data":"2026-02-11","numero":4396,"categoria":"Lei Ordin\u00e1ria","situacao":"Em vigor","descricao":""},{"ementa":"Autoriza a abertura de cr\u00e9dito adicional especial no or\u00e7amento do Munic\u00edpio para o exerc\u00edcio de 2026, e d\u00e1 outras provid\u00eancias.","dataAtualizacao":"2026-02-12 13:50:42","dataInicioVigencia":null,"dataFimVigencia":null,"data":"2026-02-11","numero":4395,"categoria":"Lei Ordin\u00e1ria","situacao":"Em vigor","descricao":""},{"ementa":"Exonera ocupante de cargo comissionado no Poder Executivo Municipal de Diamantina, na estrutura organizacional da Secretaria Municipal de Sa\u00fade, e d\u00e1 outras provid\u00eancias.","dataAtualizacao":"2026-02-13 14:44:39","dataInicioVigencia":null,"dataFimVigencia":null,"data":"2026-02-11","numero":95,"categoria":"Decreto","situacao":"Em vigor","descricao":""},{"ementa":"Prorroga prazo para conclus\u00e3o da Sindic\u00e2ncia n\u00ba 05\/2024, instaurada pela Portaria CMD n\u00ba 204, de 20 de agosto 2024.","dataAtualizacao":"2026-02-11 16:46:47","dataInicioVigencia":null,"dataFimVigencia":null,"data":"2026-02-11","numero":3,"categoria":"Portaria","situacao":"Em vigor","descricao":""},{"ementa":"Designa servidores para atuarem na fun\u00e7\u00e3o de Fiscal Sanit\u00e1rio de Vigil\u00e2ncia Sanit\u00e1ria, no \u00e2mbito da Secretaria Municipal de Sa\u00fade do Munic\u00edpio de Diamantina\/MG, no per\u00edodo de 13 a 18 de fevereiro de 2026, e d\u00e1 outras provid\u00eancias.","dataAtualizacao":"2026-02-11 15:40:19","dataInicioVigencia":null,"dataFimVigencia":null,"data":"2026-02-11","numero":2,"categoria":"Portaria","situacao":"Em vigor","descricao":""},{"ementa":"Reconduz a Comiss\u00e3o e estabelece prazo para conclus\u00e3o do Processo Administrativo Disciplinar n\u00ba 01\/2025 - Rito Sum\u00e1rio, instaurado pela Portaria CMD n\u00ba 16, de 14 de maio de 2025.","dataAtualizacao":"2026-02-11 15:47:39","dataInicioVigencia":null,"dataFimVigencia":null,"data":"2026-02-11","numero":2,"categoria":"Portaria","situacao":"Em vigor","descricao":""},{"ementa":"Disp\u00f5e sobre a destina\u00e7\u00e3o de recursos provisionados para encargos trabalhistas, condicionada \u00e0 obten\u00e7\u00e3o de certifica\u00e7\u00e3o, no \u00e2mbito do Plano de Trabalho aprovado pelo CMDPI.","dataAtualizacao":"2026-02-10 15:58:57","dataInicioVigencia":null,"dataFimVigencia":null,"data":"2026-02-10","numero":242026,"categoria":"Resolu\u00e7\u00e3o","situacao":"Em vigor","descricao":""},{"ementa":"Disp\u00f5e sobre a aprova\u00e7\u00e3o do Plano de Trabalho do Projeto \u201cCuidar com Amor\u201d, financiado pelo Programa Parceiro do Idoso do Banco Santander, referente ao Ciclo 2026.","dataAtualizacao":"2026-02-10 15:57:09","dataInicioVigencia":null,"dataFimVigencia":null,"data":"2026-02-10","numero":232026,"categoria":"Resolu\u00e7\u00e3o","situacao":"Em vigor","descricao":""},{"ementa":"Institui Comiss\u00e3o da Primeira Inf\u00e2ncia no \u00e2mbito do Munic\u00edpio de Diamantina, e d\u00e1 outras provid\u00eancias.","dataAtualizacao":"2026-02-13 14:44:08","dataInicioVigencia":null,"dataFimVigencia":null,"data":"2026-02-10","numero":94,"categoria":"Decreto","situacao":"Em vigor","descricao":""},{"ementa":"Exonera servidora ocupante de cargo comissionado no Poder Executivo Municipal de Diamantina, na estrutura organizacional da Secretaria Municipal de Educa\u00e7\u00e3o, e d\u00e1 outras provid\u00eancias.","dataAtualizacao":"2026-02-13 14:43:33","dataInicioVigencia":null,"dataFimVigencia":null,"data":"2026-02-10","numero":93,"categoria":"Decreto","situacao":"Em vigor","descricao":""},{"ementa":"Designa servidores para atuarem na fun\u00e7\u00e3o de Fiscal de Posturas, no \u00e2mbito da Secretaria Municipal de Fazenda do Munic\u00edpio de Diamantina\/MG, para o per\u00edodo de 13 de Fevereiro a 18 de fevereiro de 2026, e d\u00e1 outras provid\u00eancias.","dataAtualizacao":"2026-02-13 14:37:12","dataInicioVigencia":null,"dataFimVigencia":null,"data":"2026-02-10","numero":10,"categoria":"Portaria","situacao":"Em vigor","descricao":""},{"ementa":"Nomeia e constitui a Ger\u00eancia do Programa BDMG INFRA 2023.","dataAtualizacao":"2026-02-11 09:22:36","dataInicioVigencia":null,"dataFimVigencia":null,"data":"2026-02-10","numero":9,"categoria":"Portaria","situacao":"Em vigor","descricao":""},{"ementa":"Retifica o Decreto Municipal n\u00ba 47, de 23 de janeiro de 2026, que \u201cDisp\u00f5e sobre estabilidade dos servidores aprovados no Concurso P\u00fablico de Provas e T\u00edtulos, Editais 001\/2017 e 001\/2019, nomeados e aprovados na avalia\u00e7\u00e3o de desempenho, conforme artigos 35 e 36 da Lei Complementar n\u00ba 15, de 12 de junho de 1995, que disp\u00f5e sobre o Estatuto do Servidor P\u00fablico Municipal, com as altera\u00e7\u00f5es promovidas pela Lei Complementar no 51, de 13 de novembro de 2002\u201d, e d\u00e1 outras provid\u00eancias.","dataAtualizacao":"2026-02-10 11:03:38","dataInicioVigencia":null,"dataFimVigencia":null,"data":"2026-02-09","numero":92,"categoria":"Decreto","situacao":"Em vigor","descricao":""},{"ementa":"DETERMINA A \u00c1REA PRIORIT\u00c1RIA DE SEGURAN\u00c7A (APS) PARA O CARNAVAL DE DIAMANTINA DO ANO DE 2026, ESTABELECE NORMAS REGULAMENTARES GERAIS PARA A REALIZA\u00c7\u00c3O DO EVENTO E D\u00c1 OUTRAS PROVID\u00caNCIAS.","dataAtualizacao":"2026-02-10 11:03:00","dataInicioVigencia":null,"dataFimVigencia":null,"data":"2026-02-09","numero":91,"categoria":"Decreto","situacao":"Em vigor","descricao":""},{"ementa":"Nomeia membros para compor o Conselho Municipal dos Direitos da Crian\u00e7a e do Adolescente - CMDCA, no bi\u00eanio 2026\/2028, e d\u00e1 outras provid\u00eancias.","dataAtualizacao":"2026-02-10 11:00:44","dataInicioVigencia":null,"dataFimVigencia":null,"data":"2026-02-09","numero":90,"categoria":"Decreto","situacao":"Em vigor","descricao":""},{"ementa":"Designa servidores para atuarem na fun\u00e7\u00e3o de Fiscal Sanit\u00e1rio de Vigil\u00e2ncia Sanit\u00e1ria, no \u00e2mbito da Secretaria Municipal de Sa\u00fade do Munic\u00edpio de Diamantina\/MG, no per\u00edodo de 13 a 18 de fevereiro de 2026, e d\u00e1 outras provid\u00eancias.","dataAtualizacao":"2026-02-12 14:09:04","dataInicioVigencia":null,"dataFimVigencia":null,"data":"2026-02-09","numero":2,"categoria":"Portaria","situacao":"Em vigor","descricao":""},{"ementa":"Torna p\u00fablica rescis\u00e3o de Contrato Administrativo de Trabalho Tempor\u00e1rio.","dataAtualizacao":"2026-02-09 11:20:46","dataInicioVigencia":null,"dataFimVigencia":null,"data":"2026-02-06","numero":1,"categoria":"Portaria","situacao":"Em vigor","descricao":""},{"ementa":"Instaura e autoriza decis\u00e3o quanto a Regulariza\u00e7\u00e3o Fundi\u00e1ria Urbana de Interesse Social (REURB-S) e de Interesse Especial (REURB-E), com rito administrativo, do N\u00facleo Urbano Informal denominado Maria Orminda por meio de procedimento administrativo a ser instaurado no \u00e2mbito do Poder Executivo Municipal, e d\u00e1 outras provid\u00eancias.","dataAtualizacao":"2026-02-10 10:58:13","dataInicioVigencia":null,"dataFimVigencia":null,"data":"2026-02-05","numero":89,"categoria":"Decreto","situacao":"Em vigor","descricao":""},{"ementa":"Nomeia membros para compor o Conselho Municipal do Transporte P\u00fablico Coletivo de Diamantina, e d\u00e1 outras provid\u00eancias.","dataAtualizacao":"2026-04-08 11:39:11","dataInicioVigencia":null,"dataFimVigencia":null,"data":"2026-02-05","numero":88,"categoria":"Decreto","situacao":"Em vigor","descricao":""},{"ementa":"Cr\u00e9dito Adicional Suplementar","dataAtualizacao":"2026-02-26 09:41:38","dataInicioVigencia":null,"dataFimVigencia":null,"data":"2026-02-05","numero":2,"categoria":"Decreto","situacao":"Em vigor","descricao":""},{"ementa":"A SECRET\u00c1RIA MUNICIPAL DE PLANEJAMENTO, OR\u00c7AMENTO E GEST\u00c3O DO MUNIC\u00cdPIO DE DIAMANTINA\/MG, no uso das atribui\u00e7\u00f5es que lhe conferem a Lei Org\u00e2nica do Munic\u00edpio de Diamantina, bem como em atendimento ao disposto no \u00a71\u00b0 inciso I do art. 48 da Lei Complementar n\u00ba 101, de 04 de maio de 2000 (Lei de Responsabilidade Fiscal), que disp\u00f5e sobre os instrumentos de transpar\u00eancia da gest\u00e3o fiscal, e","dataAtualizacao":"2026-02-05 17:10:39","dataInicioVigencia":null,"dataFimVigencia":null,"data":"2026-02-05","numero":2,"categoria":"Portaria","situacao":"Em vigor","descricao":""},{"ementa":"Disp\u00f5e sobre a aprova\u00e7\u00e3o de parecer favor\u00e1vel, com ressalvas, \u00e0 prorroga\u00e7\u00e3o do Termo de Colabora\u00e7\u00e3o por mais 04 (quatro) meses do Programa de Assessoramento \u201cDiamantina Trabalho\u201d desenvolvido pela Associa\u00e7\u00e3o Nacional de Desenvolvimento Social e Educa\u00e7\u00e3o Continuada.","dataAtualizacao":"2026-02-04 15:03:50","dataInicioVigencia":null,"dataFimVigencia":null,"data":"2026-02-04","numero":317,"categoria":"Resolu\u00e7\u00e3o","situacao":"Em vigor","descricao":""},{"ementa":"Concede licen\u00e7a ao servidor efetivo para tratar de interesses particulares, e d\u00e1 outras provid\u00eancias.","dataAtualizacao":"2026-02-10 10:53:34","dataInicioVigencia":null,"dataFimVigencia":null,"data":"2026-02-04","numero":87,"categoria":"Decreto","situacao":"Em vigor","descricao":""},{"ementa":"Declara vac\u00e2ncia de cargo p\u00fablico de servidora efetiva por motivo de aposentadoria.","dataAtualizacao":"2026-02-10 10:52:29","dataInicioVigencia":null,"dataFimVigencia":null,"data":"2026-02-04","numero":86,"categoria":"Decreto","situacao":"Em vigor","descricao":""},{"ementa":"Declara vac\u00e2ncia de cargo p\u00fablico de servidora efetiva por motivo de aposentadoria.","dataAtualizacao":"2026-02-10 10:51:29","dataInicioVigencia":null,"dataFimVigencia":null,"data":"2026-02-04","numero":85,"categoria":"Decreto","situacao":"Em vigor","descricao":""},{"ementa":"Nomeia interinamente substituta para servidora ocupante de fun\u00e7\u00e3o gratificada no Poder Executivo Municipal de Diamantina, na estrutura organizacional da Secretaria Municipal de Desenvolvimento Social, durante per\u00edodo de licen\u00e7a-maternidade, e d\u00e1 outras provid\u00eancias.","dataAtualizacao":"2026-02-10 10:28:48","dataInicioVigencia":null,"dataFimVigencia":null,"data":"2026-02-04","numero":84,"categoria":"Decreto","situacao":"Em vigor","descricao":""},{"ementa":"Nomeia interinamente servidor ocupante de cargo comissionado no Poder Executivo Municipal de Diamantina, na estrutura organizacional da Secretaria Municipal de Educa\u00e7\u00e3o, e d\u00e1 outras provid\u00eancias.","dataAtualizacao":"2026-02-10 10:28:03","dataInicioVigencia":null,"dataFimVigencia":null,"data":"2026-02-04","numero":83,"categoria":"Decreto","situacao":"Em vigor","descricao":""},{"ementa":"Institui Comiss\u00e3o de Monitoramento e Avalia\u00e7\u00e3o destinada a monitorar e avaliar a parceria celebrada com a Associa\u00e7\u00e3o de Pais e Amigos dos Excepcionais - APAE e designa gestor da respectiva parceria, nos termos de que trata a Lei Federal 13.019, de 31 de julho de 2014, e o Decreto Municipal n\u00b0 29, de 19 de janeiro de 2018.","dataAtualizacao":"2026-02-05 09:57:20","dataInicioVigencia":null,"dataFimVigencia":null,"data":"2026-02-04","numero":8,"categoria":"Portaria","situacao":"Em vigor","descricao":""},{"ementa":"Altera a Portaria n\u00ba 059, de 03 de abril de 2025, que \u201cNomeia, em substitui\u00e7\u00e3o, membros da Comiss\u00e3o Permanente de Regulariza\u00e7\u00e3o Fundi\u00e1ria Urbana e Rural no Munic\u00edpio de Diamantina\/MG, e d\u00e1 outras provid\u00eancias\u201d.","dataAtualizacao":"2026-02-09 09:02:58","dataInicioVigencia":null,"dataFimVigencia":null,"data":"2026-02-04","numero":7,"categoria":"Portaria","situacao":"Em vigor","descricao":""},{"ementa":"Disp\u00f5e sobre a aprova\u00e7\u00e3o do Plano de Trabalho para utiliza\u00e7\u00e3o do valor oriundo da aplica\u00e7\u00e3o financeira do Projeto \u201cVivendo e Aprendendo Juntos\u201d, da Associa\u00e7\u00e3o Casa da Crian\u00e7a Maria Ant\u00f4nia.","dataAtualizacao":"2026-02-03 08:37:13","dataInicioVigencia":null,"dataFimVigencia":null,"data":"2026-02-03","numero":368,"categoria":"Resolu\u00e7\u00e3o","situacao":"Em vigor","descricao":""},{"ementa":"Disp\u00f5e sobre a aprova\u00e7\u00e3o do Plano de Trabalho do Projeto \u201cLares Fortalecidos: Vidas Transformadas\u201d, financiado pelo Programa Amigo de Valor \u2013 Banco Santander, referente ao ciclo de 2026.","dataAtualizacao":"2026-02-03 08:39:15","dataInicioVigencia":null,"dataFimVigencia":null,"data":"2026-02-03","numero":367,"categoria":"Resolu\u00e7\u00e3o","situacao":"Em vigor","descricao":""},{"ementa":"Prorroga, por dois anos, o prazo de validade do Processo Seletivo que especifica, e d\u00e1 outras provid\u00eancias.","dataAtualizacao":"2026-02-10 10:22:18","dataInicioVigencia":null,"dataFimVigencia":null,"data":"2026-02-02","numero":82,"categoria":"Decreto","situacao":"Em vigor","descricao":""},{"ementa":"Exonera servidora ocupante de cargo comissionado no Poder Executivo Municipal de Diamantina, na estrutura organizacional da Secretaria Municipal de Educa\u00e7\u00e3o, e d\u00e1 outras provid\u00eancias.","dataAtualizacao":"2026-02-10 10:21:15","dataInicioVigencia":null,"dataFimVigencia":null,"data":"2026-02-02","numero":81,"categoria":"Decreto","situacao":"Em vigor","descricao":""},{"ementa":"Exonera servidora ocupante de cargo comissionado no Poder Executivo Municipal de Diamantina, na estrutura organizacional da Secretaria Municipal de Governo, e d\u00e1 outras provid\u00eancias.","dataAtualizacao":"2026-02-10 10:19:20","dataInicioVigencia":null,"dataFimVigencia":null,"data":"2026-02-02","numero":80,"categoria":"Decreto","situacao":"Em vigor","descricao":""},{"ementa":"Nomeia interinamente substituta para servidora ocupante de cargo comissionado no Poder Executivo Municipal de Diamantina, na estrutura organizacional da Secretaria Municipal de Fazenda, durante per\u00edodo de f\u00e9rias regulamentares, e d\u00e1 outras provid\u00eancias.","dataAtualizacao":"2026-02-10 10:18:26","dataInicioVigencia":null,"dataFimVigencia":null,"data":"2026-02-02","numero":79,"categoria":"Decreto","situacao":"Em vigor","descricao":""},{"ementa":"Exonera servidor ocupante de cargo comissionado no Poder Executivo Municipal de Diamantina, na estrutura organizacional da Secretaria Municipal de Fazenda, e d\u00e1 outras provid\u00eancias.","dataAtualizacao":"2026-02-05 09:55:30","dataInicioVigencia":null,"dataFimVigencia":null,"data":"2026-02-02","numero":78,"categoria":"Decreto","situacao":"Em vigor","descricao":""},{"ementa":"Disp\u00f5e sobre a homologa\u00e7\u00e3o do resultado final classificat\u00f3rio do Processo Seletivo Simplificado, Edital n\u00ba 11\/2025, de 05 de dezembro de 2025, para os cargos que especifica, e d\u00e1 outras provid\u00eancias.","dataAtualizacao":"2026-02-03 10:32:54","dataInicioVigencia":null,"dataFimVigencia":null,"data":"2026-02-02","numero":77,"categoria":"Decreto","situacao":"Em vigor","descricao":""},{"ementa":"Autoriza o Munic\u00edpio de Diamantina\/Minas Gerais a conceder ajuda financeira ao Conselho Diamantinense de Seguran\u00e7a P\u00fablica \u2013 CONDSEP para os fins que especifica, e d\u00e1 outras provid\u00eancias.","dataAtualizacao":"2026-02-04 14:11:34","dataInicioVigencia":null,"dataFimVigencia":null,"data":"2026-01-30","numero":4394,"categoria":"Lei Ordin\u00e1ria","situacao":"Em vigor","descricao":""},{"ementa":"Concede reajuste no sal\u00e1rio base dos profissionais do magist\u00e9rio da rede municipal para o fim espec\u00edfico de adequa\u00e7\u00e3o ao piso salarial profissional nacional para os profissionais do magist\u00e9rio  p\u00fablico da educa\u00e7\u00e3o b\u00e1sica, nos termos da Lei Federal no 11.738\/2008, altera Lei Complementar Municipal no 94\/2011, e d\u00e1 outras provid\u00eancias.","dataAtualizacao":"2026-02-10 16:28:48","dataInicioVigencia":null,"dataFimVigencia":null,"data":"2026-01-30","numero":206,"categoria":"Lei Complementar","situacao":"Em vigor","descricao":""},{"ementa":"Disp\u00f5e sobre o funcionamento dos setores da Administra\u00e7\u00e3o P\u00fablica Municipal vinculados \u00e0 Secretaria Municipal de Sa\u00fade nos dias 16, 17 e 18 de fevereiro de 2026.","dataAtualizacao":"2026-02-05 10:18:29","dataInicioVigencia":null,"dataFimVigencia":null,"data":"2026-01-30","numero":1,"categoria":"Portaria","situacao":"Em vigor","descricao":""},{"ementa":"Estabelece diretrizes operacionais para os procedimentos\r\nadministrativos e pedag\u00f3gicos de registro das Unidades Escolares\r\nno \u00e2mbito da Rede Municipal de Ensino de Diamantina - MG, em\r\nvirtude dos preceitos advindos da Resolu\u00e7\u00e3o CEE\/MG n\u00ba\r\n496\/2023 e outras provid\u00eancias.","dataAtualizacao":"2026-01-30 20:16:13","dataInicioVigencia":null,"dataFimVigencia":null,"data":"2026-01-30","numero":1,"categoria":"Resolu\u00e7\u00e3o","situacao":"Em vigor","descricao":"Estabelece diretrizes operacionais para os procedimentos\r\nadministrativos e pedag\u00f3gicos de registro das Unidades Escolares\r\nno \u00e2mbito da Rede Municipal de Ensino de Diamantina - MG, em\r\nvirtude dos preceitos advindos da Resolu\u00e7\u00e3o CEE\/MG n\u00ba\r\n496\/2023 e outras provid\u00eancias"},{"ementa":"Reduz carga hor\u00e1ria de servidora do Poder Executivo Municipal de Diamantina, na estrutura organizacional da Secretaria Municipal de Educa\u00e7\u00e3o, e d\u00e1 outras provid\u00eancias.","dataAtualizacao":"2026-02-03 10:32:10","dataInicioVigencia":null,"dataFimVigencia":null,"data":"2026-01-29","numero":74,"categoria":"Decreto","situacao":"Em vigor","descricao":""},{"ementa":"Reduz carga hor\u00e1ria de servidora do Poder Executivo Municipal de Diamantina, na estrutura organizacional da Secretaria Municipal de Educa\u00e7\u00e3o, e d\u00e1 outras provid\u00eancias.","dataAtualizacao":"2026-02-03 10:31:15","dataInicioVigencia":null,"dataFimVigencia":null,"data":"2026-01-28","numero":73,"categoria":"Decreto","situacao":"Em vigor","descricao":""},{"ementa":"Nomeia servidora ocupante de fun\u00e7\u00e3o gratificada do Poder Executivo Municipal de Diamantina, na estrutura organizacional da Secretaria Municipal de Educa\u00e7\u00e3o, e d\u00e1 outras provid\u00eancias.","dataAtualizacao":"2026-02-03 10:30:28","dataInicioVigencia":null,"dataFimVigencia":null,"data":"2026-01-28","numero":72,"categoria":"Decreto","situacao":"Em vigor","descricao":""},{"ementa":"Nomeia servidora ocupante de cargo comissionado do Poder Executivo Municipal de Diamantina, na estrutura organizacional da Secretaria Municipal de Educa\u00e7\u00e3o, e d\u00e1 outras provid\u00eancias.","dataAtualizacao":"2026-02-03 10:29:54","dataInicioVigencia":null,"dataFimVigencia":null,"data":"2026-01-28","numero":71,"categoria":"Decreto","situacao":"Em vigor","descricao":""},{"ementa":"Nomeia servidora ocupante de cargo comissionado do Poder Executivo Municipal de Diamantina, na estrutura organizacional da Secretaria Municipal de Educa\u00e7\u00e3o, e d\u00e1 outras provid\u00eancias.","dataAtualizacao":"2026-02-03 10:29:16","dataInicioVigencia":null,"dataFimVigencia":null,"data":"2026-01-28","numero":70,"categoria":"Decreto","situacao":"Em vigor","descricao":""},{"ementa":"Exonera substituta de servidora ocupante de cargo de Conselheira Tutelar no Poder Executivo Municipal de Diamantina, na estrutura organizacional da Secretaria Municipal de Desenvolvimento Social, e d\u00e1 outras provid\u00eancias.","dataAtualizacao":"2026-02-03 10:27:45","dataInicioVigencia":null,"dataFimVigencia":null,"data":"2026-01-28","numero":69,"categoria":"Decreto","situacao":"Em vigor","descricao":""},{"ementa":"Concede licen\u00e7a \u00e0 servidora efetiva por motivo de doen\u00e7a em pessoa da fam\u00edlia, e d\u00e1 outras provid\u00eancias.","dataAtualizacao":"2026-02-03 10:26:49","dataInicioVigencia":null,"dataFimVigencia":null,"data":"2026-01-28","numero":68,"categoria":"Decreto","situacao":"Em vigor","descricao":""},{"ementa":"Nomeia servidora ocupante de cargo comissionado do Poder Executivo Municipal de Diamantina, na estrutura organizacional da Secretaria Municipal de Educa\u00e7\u00e3o, e d\u00e1 outras provid\u00eancias.","dataAtualizacao":"2026-02-03 10:22:03","dataInicioVigencia":null,"dataFimVigencia":null,"data":"2026-01-28","numero":67,"categoria":"Decreto","situacao":"Em vigor","descricao":""},{"ementa":"Nomeia servidora ocupante de cargo comissionado do Poder Executivo Municipal de Diamantina, na estrutura organizacional da Secretaria Municipal de Educa\u00e7\u00e3o, e d\u00e1 outras provid\u00eancias.","dataAtualizacao":"2026-02-03 10:17:59","dataInicioVigencia":null,"dataFimVigencia":null,"data":"2026-01-28","numero":66,"categoria":"Decreto","situacao":"Em vigor","descricao":""},{"ementa":"Exonera servidora ocupante de fun\u00e7\u00e3o gratificada no Poder Executivo Municipal de Diamantina, na estrutura organizacional da Secretaria Municipal de Educa\u00e7\u00e3o, e d\u00e1 outras provid\u00eancias.","dataAtualizacao":"2026-02-03 10:16:14","dataInicioVigencia":null,"dataFimVigencia":null,"data":"2026-01-28","numero":65,"categoria":"Decreto","situacao":"Em vigor","descricao":""},{"ementa":"Exonera servidora ocupante de cargo comissionado no Poder Executivo Municipal de Diamantina, na estrutura organizacional da Secretaria Municipal de Educa\u00e7\u00e3o, e d\u00e1 outras provid\u00eancias.","dataAtualizacao":"2026-02-03 10:15:24","dataInicioVigencia":null,"dataFimVigencia":null,"data":"2026-01-28","numero":64,"categoria":"Decreto","situacao":"Em vigor","descricao":""},{"ementa":"Exonera servidora ocupante de cargo comissionado no Poder Executivo Municipal de Diamantina, na estrutura organizacional da Secretaria Municipal de Educa\u00e7\u00e3o, e d\u00e1 outras provid\u00eancias.","dataAtualizacao":"2026-02-03 10:14:19","dataInicioVigencia":null,"dataFimVigencia":null,"data":"2026-01-28","numero":63,"categoria":"Decreto","situacao":"Em vigor","descricao":""},{"ementa":"Exonera servidora ocupante de cargo comissionado no Poder Executivo Municipal de Diamantina, na estrutura organizacional da Secretaria Municipal de Educa\u00e7\u00e3o, e d\u00e1 outras provid\u00eancias.","dataAtualizacao":"2026-02-03 10:13:26","dataInicioVigencia":null,"dataFimVigencia":null,"data":"2026-01-28","numero":62,"categoria":"Decreto","situacao":"Em vigor","descricao":""},{"ementa":"Nomeia servidora ocupante de cargo comissionado do Poder Executivo Municipal de Diamantina, na estrutura organizacional da Secretaria Municipal de Desenvolvimento Social, e d\u00e1 outras provid\u00eancias.","dataAtualizacao":"2026-02-03 10:11:56","dataInicioVigencia":null,"dataFimVigencia":null,"data":"2026-01-28","numero":61,"categoria":"Decreto","situacao":"Em vigor","descricao":""},{"ementa":"Nomeia servidora ocupante de cargo comissionado do Poder Executivo Municipal de Diamantina, na estrutura organizacional da Secretaria Municipal de Desenvolvimento Social, e d\u00e1 outras provid\u00eancias.","dataAtualizacao":"2026-01-30 10:34:07","dataInicioVigencia":null,"dataFimVigencia":null,"data":"2026-01-28","numero":60,"categoria":"Decreto","situacao":"Em vigor","descricao":""},{"ementa":"Exonera servidora ocupante de cargo comissionado no Poder Executivo Municipal de Diamantina, na estrutura organizacional da Secretaria Municipal de Desenvolvimento Social, e d\u00e1 outras provid\u00eancias.","dataAtualizacao":"2026-01-30 10:33:08","dataInicioVigencia":null,"dataFimVigencia":null,"data":"2026-01-28","numero":59,"categoria":"Decreto","situacao":"Em vigor","descricao":""},{"ementa":"Nomeia servidora ocupante de cargo comissionado do Poder Executivo Municipal de Diamantina, na estrutura organizacional da Secretaria Municipal de Desenvolvimento Social, e d\u00e1 outras provid\u00eancias.","dataAtualizacao":"2026-01-30 10:32:03","dataInicioVigencia":null,"dataFimVigencia":null,"data":"2026-01-28","numero":58,"categoria":"Decreto","situacao":"Em vigor","descricao":""},{"ementa":"Exonera servidora ocupante de cargo comissionado no Poder Executivo Municipal de Diamantina, na estrutura organizacional da Secretaria Municipal de Desenvolvimento Social, e d\u00e1 outras provid\u00eancias.","dataAtualizacao":"2026-01-30 10:26:33","dataInicioVigencia":null,"dataFimVigencia":null,"data":"2026-01-28","numero":57,"categoria":"Decreto","situacao":"Em vigor","descricao":""},{"ementa":"Regulamenta, no \u00e2mbito do Munic\u00edpio de Diamantina\/MG, os ciclos de fiscaliza\u00e7\u00e3o e aprova\u00e7\u00e3o aos procedimentos, fluxos e prazos administrativos para recebimento, an\u00e1lise, formaliza\u00e7\u00e3o, execu\u00e7\u00e3o e controle das emendas individuais impositivas apresentadas ao Projeto de Lei Or\u00e7ament\u00e1ria Anual, em atendimento \u00e0 Recomenda\u00e7\u00e3o MPC-MG n\u00ba 01\/2025, e d\u00e1 outras provid\u00eancias.","dataAtualizacao":"2026-01-30 11:05:54","dataInicioVigencia":null,"dataFimVigencia":null,"data":"2026-01-28","numero":55,"categoria":"Decreto","situacao":"Em vigor","descricao":""},{"ementa":"Determina o expediente dos \u00f3rg\u00e3os e das entidades do Poder Executivo nas datas que menciona.","dataAtualizacao":"2026-02-03 14:56:03","dataInicioVigencia":null,"dataFimVigencia":null,"data":"2026-01-28","numero":53,"categoria":"Decreto","situacao":"Em vigor","descricao":""},{"ementa":"Autoriza servidores p\u00fablicos municipais a conduzirem ve\u00edculo oficial do Poder Executivo do Munic\u00edpio de Diamantina, e d\u00e1 outras provid\u00eancias.","dataAtualizacao":"2026-02-03 10:54:50","dataInicioVigencia":null,"dataFimVigencia":null,"data":"2026-01-28","numero":6,"categoria":"Portaria","situacao":"Em vigor","descricao":""},{"ementa":"Disp\u00f5e sobre as Metas Bimestrais de Arrecada\u00e7\u00e3o e Cronograma Mensal de Desembolso do Munic\u00edpio de Diamantina.","dataAtualizacao":"2026-01-30 10:28:05","dataInicioVigencia":null,"dataFimVigencia":null,"data":"2026-01-27","numero":54,"categoria":"Decreto","situacao":"Em vigor","descricao":""},{"ementa":"Declara vac\u00e2ncia de cargo p\u00fablico de servidora efetiva por motivo de aposentadoria.","dataAtualizacao":"2026-02-03 10:10:58","dataInicioVigencia":null,"dataFimVigencia":null,"data":"2026-01-27","numero":52,"categoria":"Decreto","situacao":"Em vigor","descricao":""},{"ementa":"Declara vac\u00e2ncia de cargo p\u00fablico de servidora efetiva por motivo de aposentadoria.","dataAtualizacao":"2026-02-03 10:07:55","dataInicioVigencia":null,"dataFimVigencia":null,"data":"2026-01-27","numero":51,"categoria":"Decreto","situacao":"Em vigor","descricao":""},{"ementa":"Declara vac\u00e2ncia de cargo p\u00fablico de servidora efetiva por motivo de aposentadoria.","dataAtualizacao":"2026-02-03 10:03:43","dataInicioVigencia":null,"dataFimVigencia":null,"data":"2026-01-27","numero":50,"categoria":"Decreto","situacao":"Em vigor","descricao":""},{"ementa":"Declara vac\u00e2ncia de cargo p\u00fablico de servidora efetiva por motivo de aposentadoria.","dataAtualizacao":"2026-02-03 10:02:17","dataInicioVigencia":null,"dataFimVigencia":null,"data":"2026-01-27","numero":49,"categoria":"Decreto","situacao":"Em vigor","descricao":""},{"ementa":"Nomeia interinamente substituta para servidor ocupante de cargo comissionado no Poder Executivo Municipal de Diamantina, na estrutura organizacional da Secretaria Municipal de Administra\u00e7\u00e3o, durante per\u00edodo de f\u00e9rias regulamentares, e d\u00e1 outras provid\u00eancias.","dataAtualizacao":"2026-02-03 10:01:33","dataInicioVigencia":null,"dataFimVigencia":null,"data":"2026-01-27","numero":48,"categoria":"Decreto","situacao":"Em vigor","descricao":""},{"ementa":"Altera a Portaria n\u00ba 174, de 26 de dezembro de 2025, que \u201cInstitui Comiss\u00e3o de Monitoramento e Avalia\u00e7\u00e3o destinada a monitorar e avaliar a parceria celebrada com a Mitra Arquidiocesana de Diamantina, e designa gestor da respectiva parceria, nos termos de que trata a Lei Federal 13.019, de 31 de julho de 2014, e o Decreto Municipal n\u00b0 29, de 19 de janeiro de 2018.\u201d","dataAtualizacao":"2026-01-30 11:02:40","dataInicioVigencia":null,"dataFimVigencia":null,"data":"2026-01-27","numero":5,"categoria":"Portaria","situacao":"Em vigor","descricao":""},{"ementa":"o parecer favor\u00e1vel emitido pela Comiss\u00e3o de Sele\u00e7\u00e3o, Avalia\u00e7\u00e3o e Monitoramento, que atestou a regularidade documental, t\u00e9cnica e institucional da Associa\u00e7\u00e3o de Pais e Amigos dos Excepcionais \u2013 APAE de Diamantina, reconhecendo sua aptid\u00e3o para a execu\u00e7\u00e3o das a\u00e7\u00f5es l\u00fadicas, culturais, recreativas e socioeducativas voltadas \u00e0 garantia de direitos de crian\u00e7as e adolescentes durante o per\u00edodo carnavalesco, no \u00e2mbito do Projeto Miguilim;","dataAtualizacao":"2026-01-26 08:06:07","dataInicioVigencia":"2026-01-23","dataFimVigencia":null,"data":"2026-01-26","numero":366,"categoria":"Resolu\u00e7\u00e3o","situacao":"Em vigor","descricao":""},{"ementa":"PORTARIA SMCP N\u00ba 003\/2026 - Retifica a Portaria SMCP n\u00ba 002\/2026, que designa Comiss\u00e3o de Sele\u00e7\u00e3o para o Chamamento P\u00fablico \u2013 Edital de Concurso de Projetos n\u00ba 001\/2026.","dataAtualizacao":"2026-01-26 11:16:09","dataInicioVigencia":null,"dataFimVigencia":null,"data":"2026-01-26","numero":3,"categoria":"Portaria","situacao":"Em vigor","descricao":""},{"ementa":"DISP\u00d5E SOBRE ESTABILIDADE DOS SERVIDORES APROVADOS NO CONCURSO P\u00daBLICO DE PROVAS E T\u00cdTULOS, EDITAIS   001\/2017 E 001\/2019, NOMEADOS E APROVADOS NA AVALIA\u00c7\u00c3O DE DESEMPENHO, CONFORME ARTIGOS 35 E 36 DA LEI COMPLEMENTAR N\u00ba 15, DE 12 DE JUNHO DE 1995 - QUE DISP\u00d5E SOBRE O                                                                                                                                                                                                                                                                                                                                                                                                                                                                                   ESTATUTO DO SERVIDOR P\u00daBLICO MUNICIPAL, COM AS ALTERA\u00c7\u00d5ES PROMOVIDAS PELA LEI COMPLEMENTAR N\u00ba 51, DE 13 DE NOVEMBRO DE 2002.","dataAtualizacao":"2026-02-03 10:00:14","dataInicioVigencia":null,"dataFimVigencia":null,"data":"2026-01-23","numero":47,"categoria":"Decreto","situacao":"Em vigor","descricao":""},{"ementa":"Nomeia interinamente substituta para servidora ocupante de cargo comissionado no Poder Executivo Municipal de Diamantina, na estrutura organizacional da Secretaria Municipal de Fazenda, durante per\u00edodo de f\u00e9rias regulamentares, e d\u00e1 outras provid\u00eancias.","dataAtualizacao":"2026-02-03 09:59:07","dataInicioVigencia":null,"dataFimVigencia":null,"data":"2026-01-23","numero":46,"categoria":"Decreto","situacao":"Em vigor","descricao":""},{"ementa":"Disp\u00f5e sobre a homologa\u00e7\u00e3o do resultado final classificat\u00f3rio do Processo Seletivo Simplificado, Edital n\u00ba 10\/2025, de 05 de dezembro de 2025, para os cargos que especifica, e d\u00e1 outras provid\u00eancias.","dataAtualizacao":"2026-01-30 10:24:32","dataInicioVigencia":null,"dataFimVigencia":null,"data":"2026-01-23","numero":45,"categoria":"Decreto","situacao":"Em vigor","descricao":""},{"ementa":"Exonera servidor ocupante de cargo comissionado no Poder Executivo Municipal de Diamantina, na estrutura organizacional da Secretaria Municipal de Desenvolvimento Social, e d\u00e1 outras provid\u00eancias.","dataAtualizacao":"2026-01-30 10:23:54","dataInicioVigencia":null,"dataFimVigencia":null,"data":"2026-01-23","numero":44,"categoria":"Decreto","situacao":"Em vigor","descricao":""},{"ementa":"Concede revis\u00e3o geral sobre o vencimento dos Servidores P\u00fablicos Municipais de Diamantina e d\u00e1 outras provid\u00eancias.","dataAtualizacao":"2026-01-23 11:24:31","dataInicioVigencia":null,"dataFimVigencia":null,"data":"2026-01-22","numero":4393,"categoria":"Lei Ordin\u00e1ria","situacao":"Em vigor","descricao":""},{"ementa":"DECLARA DE UTILIDADE P\u00daBLICA MUNICIPAL A ASSOCIA\u00c7\u00c3O COMUNIT\u00c1RIA DE  DESENVOLVIMENTO RURAL DA CACHOEIRA - ASCOMDECA E D\u00c1 OUTRAS PROVID\u00caNCIAS.","dataAtualizacao":"2026-01-23 11:03:17","dataInicioVigencia":null,"dataFimVigencia":null,"data":"2026-01-22","numero":4392,"categoria":"Lei Ordin\u00e1ria","situacao":"Em vigor","descricao":""},{"ementa":"INSTITUI O PROGRAMA MUNICIPAL DE APOIO \u00c0 SA\u00daDE MENTAL DOS SERVIDORES P\u00daBLICOS MUNICIPAIS DE DIAMANTINA, E D\u00c1 OUTRAS PROVID\u00caNCIAS","dataAtualizacao":"2026-01-22 15:12:45","dataInicioVigencia":null,"dataFimVigencia":null,"data":"2026-01-22","numero":4391,"categoria":"Lei Ordin\u00e1ria","situacao":"Em vigor","descricao":""},{"ementa":"DISP\u00d5E SOBRE O RECONHECIMENTO DA VALIDADE INDETERMINADA DOS LAUDOS M\u00c9DICOS QUE ATESTAM O DIAGNOSTICO DE DOEN\u00c7AS SEM CURA PARA FINS ADMINISTRATIVOS NO \u00c2MBITO DO MUNIC\u00cdPIO DE DIAMANTINA, E D\u00c1 OUTRAS PROVID\u00caNCIAS.","dataAtualizacao":"2026-01-22 15:09:41","dataInicioVigencia":null,"dataFimVigencia":null,"data":"2026-01-22","numero":4390,"categoria":"Lei Ordin\u00e1ria","situacao":"Em vigor","descricao":""},{"ementa":"INSTITUI O PROGRAMA DE PATRULHA MECANIZADA RURAL DO MUNIC\u00cdPIO DE DIAMANTINA\/MG, REGULAMENTA SUA UTILIZA\u00c7\u00c3O E D\u00c1 OUTRAS PROVID\u00caNCIAS.","dataAtualizacao":"2026-01-22 15:05:45","dataInicioVigencia":null,"dataFimVigencia":null,"data":"2026-01-22","numero":4389,"categoria":"Lei Ordin\u00e1ria","situacao":"Em vigor","descricao":""},{"ementa":"DISP\u00d5E SOBRE A DESAFETA\u00c7\u00c3O DE \u00c1REA P\u00daBLICA PARA FINS DE DOA\u00c7\u00c3O E AUTORIZA O MUNIC\u00cdPIO DE DIAMANTINA A DOAR AO CONSELHO REGIONAL DE ENGENHARIA E AGRONOMIA DE MINAS GERAIS - CREA\/MG, \u00c1REA DE\u00a0TERRENO\u00a0PARA OS FINS QUE ESPECIFICA, E D\u00c1 OUTRAS PROVID\u00caNCIAS.","dataAtualizacao":"2026-03-12 09:52:02","dataInicioVigencia":null,"dataFimVigencia":null,"data":"2026-01-22","numero":4388,"categoria":"Lei Ordin\u00e1ria","situacao":"Em vigor","descricao":""},{"ementa":"ALTERA O \u00a72\u00ba DO ARTIGO 13 DA LEI N\u00ba 4.246, DE 20 DE SETEMBRO DE 2023","dataAtualizacao":"2026-01-22 14:58:29","dataInicioVigencia":null,"dataFimVigencia":null,"data":"2026-01-22","numero":4387,"categoria":"Lei Ordin\u00e1ria","situacao":"Em vigor","descricao":""},{"ementa":"INSTITUI O NOVO FUNDO MUNICIPAL DE MEIO AMBIENTE \u2013 FMMA DO MUNIC\u00cdPIO DE DIAMANTINA\/MG E SEU CONSELHO GESTOR, REVOGA A LEI 3511, DE 23 DE DEZEMBRO DE 2009, E D\u00c1 OUTRAS PROVID\u00caNCIAS .","dataAtualizacao":"2026-01-22 14:29:58","dataInicioVigencia":null,"dataFimVigencia":null,"data":"2026-01-22","numero":4386,"categoria":"Lei Ordin\u00e1ria","situacao":"Em vigor","descricao":""},{"ementa":"DISP\u00d5E SOBRE A OBRIGATORIEDADE DE INSTALA\u00c7\u00c3O E MANUTEN\u00c7\u00c3O DE SISTEMAS DE TRATAMENTO PRIM\u00c1RIO DE EFLUENTES CONTENDO AREIA, S\u00d3LIDOS GROSSEIROS, \u00d3LEOS E GRAXAS, PARA ESTABELECIMENTOS QUE MANIPULEM TAIS SUBST\u00c2NCIAS NO MUNIC\u00cdPIO DE DIAMANTINA, REVOGA A LEI MUNICIPAL N\u00ba 3.228, DE 28 DE JUNHO DE 2007, E D\u00c1 OUTRAS PROVID\u00caNCIAS.","dataAtualizacao":"2026-01-22 14:27:35","dataInicioVigencia":null,"dataFimVigencia":null,"data":"2026-01-22","numero":4385,"categoria":"Lei Ordin\u00e1ria","situacao":"Em vigor","descricao":""},{"ementa":"Nomeia servidor ocupante de fun\u00e7\u00e3o gratificada do Poder Executivo Municipal de Diamantina, na estrutura organizacional da Secretaria Municipal de Sa\u00fade, e d\u00e1 outras provid\u00eancias.","dataAtualizacao":"2026-01-30 10:22:11","dataInicioVigencia":null,"dataFimVigencia":null,"data":"2026-01-22","numero":43,"categoria":"Decreto","situacao":"Em vigor","descricao":""},{"ementa":"Nomeia servidora da Secretaria Municipal de Planejamento, Or\u00e7amento e Gest\u00e3o para realizar despesas pelo regime de adiantamento conforme disposto no Decreto n\u00b0 253, de 10 de julho de 2009, retificado pelo Decreto n\u00ba 549, de 30 de novembro de 2021, e d\u00e1 outras provid\u00eancias.","dataAtualizacao":"2026-02-03 10:52:19","dataInicioVigencia":null,"dataFimVigencia":null,"data":"2026-01-22","numero":4,"categoria":"Portaria","situacao":"Em vigor","descricao":""},{"ementa":"Institui Comiss\u00e3o de Monitoramento e Avalia\u00e7\u00e3o destinada a monitorar e avaliar a parceria celebrada com a Associa\u00e7\u00e3o de Pais e Amigos dos Excepcionais - APAE e designa gestor da respectiva parceria, nos termos de que trata a Lei Federal 13.019, de 31 de julho de 2014, e o Decreto Municipal n\u00b0 29, de 19 de janeiro de 2018.","dataAtualizacao":"2026-02-03 10:56:48","dataInicioVigencia":null,"dataFimVigencia":null,"data":"2026-01-22","numero":3,"categoria":"Portaria","situacao":"Em vigor","descricao":""},{"ementa":"Declara vac\u00e2ncia de cargo p\u00fablico de servidora efetiva por motivo de falecimento.","dataAtualizacao":"2026-01-30 10:21:36","dataInicioVigencia":null,"dataFimVigencia":null,"data":"2026-01-21","numero":42,"categoria":"Decreto","situacao":"Em vigor","descricao":""},{"ementa":"Declara vac\u00e2ncia de cargo p\u00fablico de servidora efetiva por motivo de exonera\u00e7\u00e3o.","dataAtualizacao":"2026-01-30 10:20:57","dataInicioVigencia":null,"dataFimVigencia":null,"data":"2026-01-21","numero":41,"categoria":"Decreto","situacao":"Em vigor","descricao":""},{"ementa":"Exonera servidora ocupante de cargo efetivo no Poder Executivo Municipal de Diamantina, na estrutura organizacional da Secretaria Municipal de Educa\u00e7\u00e3o, e d\u00e1 outras provid\u00eancias.","dataAtualizacao":"2026-01-30 10:17:40","dataInicioVigencia":null,"dataFimVigencia":null,"data":"2026-01-21","numero":40,"categoria":"Decreto","situacao":"Em vigor","descricao":""},{"ementa":"Declara vac\u00e2ncia de cargo p\u00fablico de servidora efetiva por motivo de exonera\u00e7\u00e3o.","dataAtualizacao":"2026-01-30 10:16:04","dataInicioVigencia":null,"dataFimVigencia":null,"data":"2026-01-21","numero":39,"categoria":"Decreto","situacao":"Em vigor","descricao":""},{"ementa":"Exonera servidora ocupante de cargo efetivo no Poder Executivo Municipal de Diamantina, na estrutura organizacional da Secretaria Municipal de Educa\u00e7\u00e3o, e d\u00e1 outras provid\u00eancias.","dataAtualizacao":"2026-01-30 10:15:23","dataInicioVigencia":null,"dataFimVigencia":null,"data":"2026-01-21","numero":38,"categoria":"Decreto","situacao":"Em vigor","descricao":""},{"ementa":"Altera o Decreto n\u00ba 261, de 14 de abril de 2025, que \u201cdisp\u00f5e sobre hip\u00f3teses de dispensa de an\u00e1lise jur\u00eddica \u00e0 procedimentos de contrata\u00e7\u00e3o e d\u00e1 outras provid\u00eancias\u201d","dataAtualizacao":"2026-01-30 10:18:51","dataInicioVigencia":null,"dataFimVigencia":null,"data":"2026-01-21","numero":37,"categoria":"Decreto","situacao":"Em vigor","descricao":""},{"ementa":"Altera e acrescenta dispositivos \u00e0 Portaria SME n\u00ba 02, de 15 de janeiro de 2026, que concede mudan\u00e7a de lota\u00e7\u00e3o aos servidores que especifica.","dataAtualizacao":"2026-01-21 15:03:51","dataInicioVigencia":null,"dataFimVigencia":null,"data":"2026-01-21","numero":3,"categoria":"Portaria","situacao":"Em vigor","descricao":"Altera e acrescenta dispositivos \u00e0 Portaria SME n\u00ba 02, de 15 de janeiro de 2026, que concede mudan\u00e7a de lota\u00e7\u00e3o aos servidores que especifica."},{"ementa":"\u200b\u200b\u200b\u200b\u200b\u200b\u200bPORTARIA SMCP N\u00ba 002\/2026 - Designa Comiss\u00e3o de Sele\u00e7\u00e3o para o Chamamento P\u00fablico \u2013 Edital de Concurso de Projetos n\u00ba 001\/2026 (Processo Administrativo SEI n\u00ba 26.1.000001764-3).","dataAtualizacao":"2026-01-19 23:24:31","dataInicioVigencia":null,"dataFimVigencia":null,"data":"2026-01-19","numero":2,"categoria":"Portaria","situacao":"Em vigor","descricao":""},{"ementa":"\u200b\u200b\u200b\u200b\u200b\u200b\u200bPORTARIA SMCP N\u00ba 001\/2026 - Disp\u00f5e sobre a designa\u00e7\u00e3o da Comiss\u00e3o de Sele\u00e7\u00e3o e Avalia\u00e7\u00e3o do Edital de Sele\u00e7\u00e3o P\u00fablica n\u00ba 001\/2026 \u2013 SMCP (Aux\u00edlio Financeiro a Blocos de Carnaval \u2013 Circuito de Blocos \u2013 Carnaval de Diamantina 2026).","dataAtualizacao":"2026-01-19 23:08:22","dataInicioVigencia":null,"dataFimVigencia":null,"data":"2026-01-19","numero":1,"categoria":"Portaria","situacao":"Em vigor","descricao":""},{"ementa":"O Conselho Municipal dos Direitos da Crian\u00e7a e do Adolescente do munic\u00edpio de Diamantina, no exerc\u00edcio de suas atribui\u00e7\u00f5es previstas na Lei Federal n\u00ba 8.069, de 13 de julho de 1990 e na Lei Municipal n\u00ba 4.246 de 20 de setembro de 2023 e Considerando a sess\u00e3o da plen\u00e1ria de n\u00famero 233 do CMDCA, de 11 de dezembro de 2025;","dataAtualizacao":"2026-01-15 15:40:02","dataInicioVigencia":null,"dataFimVigencia":null,"data":"2026-01-15","numero":365,"categoria":"Resolu\u00e7\u00e3o","situacao":"Em vigor","descricao":""},{"ementa":"Exonera servidor ocupante de fun\u00e7\u00e3o gratificada no Poder Executivo Municipal de Diamantina, na estrutura organizacional da Secretaria Municipal de Agropecu\u00e1ria e Meio Ambiente, e d\u00e1 outras provid\u00eancias.","dataAtualizacao":"2026-01-26 15:47:26","dataInicioVigencia":null,"dataFimVigencia":null,"data":"2026-01-15","numero":36,"categoria":"Decreto","situacao":"Em vigor","descricao":""},{"ementa":"Exonera servidor ocupante de fun\u00e7\u00e3o gratificada no Poder Executivo Municipal de Diamantina, na estrutura organizacional da Secretaria Municipal de Agropecu\u00e1ria e Meio Ambiente, e d\u00e1 outras provid\u00eancias.","dataAtualizacao":"2026-01-26 15:44:53","dataInicioVigencia":null,"dataFimVigencia":null,"data":"2026-01-15","numero":35,"categoria":"Decreto","situacao":"Em vigor","descricao":""},{"ementa":"Prorroga, por um ano, o prazo de validade dos Processos Seletivos Simplificados que especifica, e d\u00e1 outras provid\u00eancias.","dataAtualizacao":"2026-01-26 15:37:35","dataInicioVigencia":null,"dataFimVigencia":null,"data":"2026-01-15","numero":34,"categoria":"Decreto","situacao":"Em vigor","descricao":""},{"ementa":"Altera o Decreto n\u00ba 01, de 05 de janeiro de 2026, que \u201cDisp\u00f5e sobre a cria\u00e7\u00e3o de Comiss\u00e3o T\u00e9cnica para analisar e avaliar os estudos provenientes do Procedimento de Manifesta\u00e7\u00e3o de Interesse \u2013 PMI \u2013 N\u00ba 01\/2026\u201d.","dataAtualizacao":"2026-01-19 15:12:23","dataInicioVigencia":null,"dataFimVigencia":null,"data":"2026-01-15","numero":33,"categoria":"Decreto","situacao":"Em vigor","descricao":""},{"ementa":"Regulamenta no \u00e2mbito do Munic\u00edpio de Diamantina\/MG os procedimentos para proposi\u00e7\u00e3o, execu\u00e7\u00e3o, controle, transpar\u00eancia e rastreabilidade das emendas parlamentares ao or\u00e7amento municipal, em conformidade com a Instru\u00e7\u00e3o Normativa TCEMG n\u00ba 05\/2025, e d\u00e1 outras provid\u00eancias.","dataAtualizacao":"2026-01-19 15:16:11","dataInicioVigencia":null,"dataFimVigencia":null,"data":"2026-01-15","numero":32,"categoria":"Decreto","situacao":"Em vigor","descricao":""},{"ementa":"Retifica o Decreto Municipal n\u00ba 692, de 18 de dezembro de 2025 que \u201cDeclara vac\u00e2ncia de cargo p\u00fablico de servidor efetivo por motivo de aposentadoria\u201d, e d\u00e1 outras provid\u00eancias.","dataAtualizacao":"2026-01-19 15:09:49","dataInicioVigencia":null,"dataFimVigencia":null,"data":"2026-01-15","numero":31,"categoria":"Decreto","situacao":"Em vigor","descricao":""},{"ementa":"Nomeia interinamente substituto para servidor ocupante de cargo comissionado no Poder Executivo Municipal de Diamantina, na estrutura organizacional da Secretaria Municipal de Sa\u00fade, durante per\u00edodo de f\u00e9rias regulamentares, e d\u00e1 outras provid\u00eancias.","dataAtualizacao":"2026-01-19 15:07:44","dataInicioVigencia":null,"dataFimVigencia":null,"data":"2026-01-15","numero":30,"categoria":"Decreto","situacao":"Em vigor","descricao":""},{"ementa":"Cancela licen\u00e7a para tratar de interesses particulares concedida a servidora do Executivo Municipal que especifica, e d\u00e1 outras provid\u00eancias.","dataAtualizacao":"2026-01-19 15:05:46","dataInicioVigencia":null,"dataFimVigencia":null,"data":"2026-01-15","numero":29,"categoria":"Decreto","situacao":"Em vigor","descricao":""},{"ementa":"Nomeia servidora ocupante de cargo comissionado do Poder Executivo Municipal de Diamantina, na estrutura organizacional da Secretaria Municipal de Governo, e d\u00e1 outras provid\u00eancias.","dataAtualizacao":"2026-01-19 15:03:14","dataInicioVigencia":null,"dataFimVigencia":null,"data":"2026-01-15","numero":28,"categoria":"Decreto","situacao":"Em vigor","descricao":""},{"ementa":"Exonera servidora ocupante de cargo comissionado no Poder Executivo Municipal de Diamantina, na estrutura organizacional da Secretaria Municipal de Educa\u00e7\u00e3o, e d\u00e1 outras provid\u00eancias.","dataAtualizacao":"2026-01-19 15:00:11","dataInicioVigencia":null,"dataFimVigencia":null,"data":"2026-01-15","numero":27,"categoria":"Decreto","situacao":"Em vigor","descricao":""},{"ementa":"Reduz carga hor\u00e1ria de servidora do Poder Executivo Municipal de Diamantina, lotada na estrutura organizacional da Secretaria Municipal de Desenvolvimento Social, e d\u00e1 outras provid\u00eancias.","dataAtualizacao":"2026-01-19 14:55:50","dataInicioVigencia":null,"dataFimVigencia":null,"data":"2026-01-15","numero":26,"categoria":"Decreto","situacao":"Em vigor","descricao":""},{"ementa":"Concede mudan\u00e7a de lota\u00e7\u00e3o a servidores que especifica.","dataAtualizacao":"2026-01-15 16:29:06","dataInicioVigencia":null,"dataFimVigencia":null,"data":"2026-01-15","numero":2,"categoria":"Portaria","situacao":"Em vigor","descricao":"Concede mudan\u00e7a de lota\u00e7\u00e3o a servidores que especifica."},{"ementa":"Nomeia interinamente substituta para servidora ocupante de cargo comissionado, na estrutura organizacional da Secretaria Municipal de Administra\u00e7\u00e3o,durante per\u00edodo de licen\u00e7a - maternidade , e d\u00e1 outras provid\u00eancias.","dataAtualizacao":"2026-01-19 14:51:36","dataInicioVigencia":null,"dataFimVigencia":null,"data":"2026-01-14","numero":24,"categoria":"Decreto","situacao":"Em vigor","descricao":""},{"ementa":"Nomeia servidor ocupante de cargo comissionado do Poder Executivo Municipal de Diamantina, na estrutura organizacional da Secretaria Municipal de Agropecu\u00e1ria e Meio Ambiente, e d\u00e1 outras provid\u00eancias.","dataAtualizacao":"2026-01-19 14:49:47","dataInicioVigencia":null,"dataFimVigencia":null,"data":"2026-01-14","numero":23,"categoria":"Decreto","situacao":"Em vigor","descricao":"Nomeia servidor ocupante de cargo comissionado do Poder Executivo Municipal de Diamantina, na estrutura organizacional da Secretaria Municipal de Agropecu\u00e1ria e Meio Ambiente, e d\u00e1 outras provid\u00eancias. "},{"ementa":"Exonera servidor ocupante de cargo comissionado no Poder Executivo Municipal de Diamantina, na estrutura organizacional da Secretaria Municipal de Agropecu\u00e1ria e Meio Ambiente, e d\u00e1 outras provid\u00eancias.","dataAtualizacao":"2026-01-19 14:47:40","dataInicioVigencia":null,"dataFimVigencia":null,"data":"2026-01-14","numero":22,"categoria":"Decreto","situacao":"Em vigor","descricao":""},{"ementa":"Amplia carga hor\u00e1ria de servidora do Poder Executivo Municipal de Diamantina, e d\u00e1 outras provid\u00eancias.","dataAtualizacao":"2026-01-19 14:45:42","dataInicioVigencia":null,"dataFimVigencia":null,"data":"2026-01-14","numero":21,"categoria":"Decreto","situacao":"Em vigor","descricao":""},{"ementa":"Nomeia interinamente substituta para servidor ocupante de cargo comissionado, na estrutura organizacional da Secretaria Municipal de Agropecu\u00e1ria e Meio Ambiente,durante per\u00edodo de licen\u00e7a m\u00e9dica, e d\u00e1 outras provid\u00eancias.","dataAtualizacao":"2026-01-19 14:43:16","dataInicioVigencia":null,"dataFimVigencia":null,"data":"2026-01-14","numero":20,"categoria":"Decreto","situacao":"Em vigor","descricao":""},{"ementa":"Nomeia servidora ocupante de cargo comissionado do Poder Executivo Municipal de Diamantina, na estrutura organizacional da Secretaria Municipal de Agropecu\u00e1ria e Meio Ambiente, e d\u00e1 outras provid\u00eancias.","dataAtualizacao":"2026-01-19 14:40:15","dataInicioVigencia":null,"dataFimVigencia":null,"data":"2026-01-14","numero":19,"categoria":"Decreto","situacao":"Em vigor","descricao":""},{"ementa":"Altera a Portaria n\u00ba 154, de 18 de novembro de 2025, que \u201cNomeia, em substitui\u00e7\u00e3o, membros da Comiss\u00e3o Permanente de Regulariza\u00e7\u00e3o Fundi\u00e1ria Urbana e Rural no Munic\u00edpio de Diamantina\/MG, e d\u00e1 outras provid\u00eancias\u201d.","dataAtualizacao":"2026-01-27 15:29:46","dataInicioVigencia":null,"dataFimVigencia":null,"data":"2026-01-13","numero":2,"categoria":"Portaria","situacao":"Em vigor","descricao":""},{"ementa":"Institui Comiss\u00e3o Avaliadora da Prova Pr\u00e1tica, referente ao Edital do Processo Seletivo Simplificado\r\nn.\u00ba12\/2025,estabelece normas, crit\u00e9rios, procedimentos processuais e d\u00e1 outras provid\u00eancias.","dataAtualizacao":"2026-01-14 10:37:32","dataInicioVigencia":"2026-01-13","dataFimVigencia":null,"data":"2026-01-13","numero":1,"categoria":"Portaria","situacao":"Em vigor","descricao":"Institui Comiss\u00e3o Avaliadora da Prova Pr\u00e1tica, referente ao Edital do Processo Seletivo Simplificado\r\nn.\u00ba12\/2025,estabelece normas, crit\u00e9rios, procedimentos processuais e d\u00e1 outras provid\u00eancias."},{"ementa":"Disp\u00f5e sobre a designa\u00e7\u00e3o de respons\u00e1veis pela gest\u00e3o, transpar\u00eancia, rastreabilidade, acompanhamento e execu\u00e7\u00e3o das emendas parlamentares no \u00e2mbito da Administra\u00e7\u00e3o P\u00fablica Municipal, em conformidade com a Instru\u00e7\u00e3o Normativa TCEMG n\u00ba 05\/2025, em atendimento \u00e0 Recomenda\u00e7\u00e3o MPC-MG n\u00ba 01\/2025 e \u00e0 decis\u00e3o do Supremo Tribunal Federal na ADPF n\u00ba 854\/DF.","dataAtualizacao":"2026-02-03 10:57:39","dataInicioVigencia":null,"dataFimVigencia":null,"data":"2026-01-13","numero":1,"categoria":"Portaria","situacao":"Em vigor","descricao":""},{"ementa":"O Conselho Municipal dos Direitos da Crian\u00e7a e do Adolescente do munic\u00edpio de Diamantina, na pessoa de seu presidente, ad referendum, nos termos do artigo 26, XII da Resolu\u00e7\u00e3o CMDCA n\u00b0 265 de 27 de novembro de 2023, e no exerc\u00edcio de suas atribui\u00e7\u00f5es previstas na Lei Federal n\u00ba 8.069, de 13 de julho de 1990 e na Lei Municipal n\u00ba 4.246 de 20 de setembro de 2023.","dataAtualizacao":"2026-01-12 14:05:43","dataInicioVigencia":null,"dataFimVigencia":null,"data":"2026-01-12","numero":364,"categoria":"Resolu\u00e7\u00e3o","situacao":"Em vigor","descricao":""},{"ementa":"Cancela licen\u00e7a para tratar de interesses particulares concedida a servidor do Executivo Municipal que especifica, e d\u00e1 outras provid\u00eancias.","dataAtualizacao":"2026-01-19 14:31:00","dataInicioVigencia":null,"dataFimVigencia":null,"data":"2026-01-12","numero":18,"categoria":"Decreto","situacao":"Em vigor","descricao":"Cancela licen\u00e7a para tratar de interesses particulares concedida a servidor do Executivo Municipal que especifica, e d\u00e1 outras provid\u00eancias."},{"ementa":"Exonera servidora ocupante de fun\u00e7\u00e3o gratificada no Poder Executivo Municipal de Diamantina, na estrutura organizacional da Secretaria Municipal de Administra\u00e7\u00e3o, e d\u00e1 outras provid\u00eancias.","dataAtualizacao":"2026-01-19 14:28:00","dataInicioVigencia":null,"dataFimVigencia":null,"data":"2026-01-12","numero":17,"categoria":"Decreto","situacao":"Em vigor","descricao":""},{"ementa":"Amplia a carga hor\u00e1ria dos servidores do magist\u00e9rio do Poder Executivo Municipal de Diamantina, e d\u00e1 outras provid\u00eancias.","dataAtualizacao":"2026-01-19 14:25:09","dataInicioVigencia":null,"dataFimVigencia":null,"data":"2026-01-12","numero":16,"categoria":"Decreto","situacao":"Em vigor","descricao":""},{"ementa":"Reduz carga hor\u00e1ria de servidora do Poder Executivo Municipal de Diamantina, na estrutura organizacional da Secretaria Municipal de Sa\u00fade, e d\u00e1 outras provid\u00eancias.","dataAtualizacao":"2026-01-19 14:19:36","dataInicioVigencia":null,"dataFimVigencia":null,"data":"2026-01-12","numero":15,"categoria":"Decreto","situacao":"Em vigor","descricao":""},{"ementa":"Disp\u00f5e sobre a homologa\u00e7\u00e3o do resultado final classificat\u00f3rio do Processo Seletivo Simplificado, Edital n\u00ba 09\/2025, de 24 de outubro de 2025, para os cargos que especifica, e d\u00e1 outras provid\u00eancias.","dataAtualizacao":"2026-01-13 16:59:53","dataInicioVigencia":null,"dataFimVigencia":null,"data":"2026-01-12","numero":14,"categoria":"Decreto","situacao":"Em vigor","descricao":""},{"ementa":"Altera o Decreto 648\/2025, nomeando membros para compor o Conselho Municipal de Sa\u00fade (COMSAD) do Munic\u00edpio de Diamantina\/MG no bi\u00eanio 2025\/2027, e d\u00e1 outras provid\u00eancias.","dataAtualizacao":"2026-01-19 14:15:21","dataInicioVigencia":null,"dataFimVigencia":null,"data":"2026-01-12","numero":13,"categoria":"Decreto","situacao":"Em vigor","descricao":""},{"ementa":"Retifica os Decretos Municipais n\u00ba 008 de 06 de janeiro de 2025; Decreto n\u00ba 110 de 03 de fevereiro de 2025; Decreto n\u00ba 192 de 06 de mar\u00e7o de 2025; Decreto n\u00ba 235 de 01 de abril de 2025; Decreto n\u00ba 288 de 06 de maio de 2025; Decreto n\u00ba 349 de 02 de junho de 2025; Decreto n\u00ba 411 de 01 de julho de 2025; Decreto n\u00ba 468 de 01 de agosto de 2025; Decreto n\u00ba 501 de 01 de setembro de 2025; Decreto n\u00ba 553 de 01 de outubro de 2025; Decreto n\u00ba 626 de 03 de novembro de 2025, e d\u00e1 outras provid\u00eancias.","dataAtualizacao":"2026-01-12 16:42:03","dataInicioVigencia":null,"dataFimVigencia":null,"data":"2026-01-09","numero":12,"categoria":"Decreto","situacao":"Em vigor","descricao":""},{"ementa":"Regulamenta o processo de consulta p\u00fablica democr\u00e1tica de escolha e de avalia\u00e7\u00e3o de desempenho dos cargos comissionados de Diretor, Vice-Diretor e Coordenador Escolar, no \u00e2mbito da Rede Municipal de Ensino de Diamantina e d\u00e1 outras provid\u00eancias.","dataAtualizacao":"2026-01-12 16:39:19","dataInicioVigencia":null,"dataFimVigencia":null,"data":"2026-01-09","numero":11,"categoria":"Decreto","situacao":"Em vigor","descricao":""},{"ementa":"Designa defensora dativa para representar a servidora investigada no Processo Administrativo Disciplinar n\u00ba 03\/2025, instaurado pela Portaria CMD n\u00ba 47, de 02 de setembro de 2025.","dataAtualizacao":"2026-01-09 17:27:52","dataInicioVigencia":null,"dataFimVigencia":null,"data":"2026-01-09","numero":1,"categoria":"Portaria","situacao":"Em vigor","descricao":""},{"ementa":"O Conselho Municipal da Assist\u00eancia Social \u2013 Diamantina\/MG, no uso de suas atribui\u00e7\u00f5es, estabelecidas na Lei Org\u00e2nica da Assist\u00eancia Social n\u00ba 8.742\/1993 e Lei Municipal n\u00ba 4.284\/2024, atrav\u00e9s da Sess\u00e3o Plen\u00e1ria 243 do CMAS realizada em 16\/12\/2025,","dataAtualizacao":"2026-01-08 11:33:34","dataInicioVigencia":null,"dataFimVigencia":null,"data":"2026-01-08","numero":316,"categoria":"Resolu\u00e7\u00e3o","situacao":"Em vigor","descricao":""},{"ementa":"O Conselho Municipal da Assist\u00eancia Social \u2013 Diamantina\/MG, no uso de suas atribui\u00e7\u00f5es, estabelecidas na Lei Org\u00e2nica da Assist\u00eancia Social n\u00ba 8.742\/1993 e Lei Municipal n\u00ba 4.284\/2024, atrav\u00e9s da Sess\u00e3o Plen\u00e1ria 243 do CMAS realizada em 16\/12\/2025,","dataAtualizacao":"2026-01-08 11:32:16","dataInicioVigencia":null,"dataFimVigencia":null,"data":"2026-01-08","numero":315,"categoria":"Resolu\u00e7\u00e3o","situacao":"Em vigor","descricao":""},{"ementa":"O Conselho Municipal da Assist\u00eancia Social \u2013 Diamantina\/MG, no uso de suas atribui\u00e7\u00f5es, estabelecidas na Lei Org\u00e2nica da Assist\u00eancia Social n\u00ba 8.742\/1993 e Lei Municipal n\u00ba 4.284\/2024, atrav\u00e9s da Sess\u00e3o Plen\u00e1ria 243 do CMAS realizada em 16\/12\/2025,","dataAtualizacao":"2026-01-08 11:17:53","dataInicioVigencia":null,"dataFimVigencia":null,"data":"2026-01-08","numero":314,"categoria":"Resolu\u00e7\u00e3o","situacao":"Em vigor","descricao":""},{"ementa":"O Conselho Municipal dos Direitos da Crian\u00e7a e do Adolescente do munic\u00edpio de Diamantina, na pessoa de seu presidente, ad referendum, nos termos do artigo 26, XII da Resolu\u00e7\u00e3o CMDCA n\u00b0 265 de 27 de novembro de 2023, e no exerc\u00edcio de suas atribui\u00e7\u00f5es previstas na Lei Federal n\u00ba 8.069, de 13 de julho de 1990 e na Lei Municipal n\u00ba 4.246 de 20 de setembro de 2023;","dataAtualizacao":"2026-01-07 15:37:02","dataInicioVigencia":null,"dataFimVigencia":null,"data":"2026-01-07","numero":363,"categoria":"Resolu\u00e7\u00e3o","situacao":"Em vigor","descricao":""},{"ementa":"Aprova o Edital n\u00ba 242\/2025, que disp\u00f5e sobre os procedimentos, crit\u00e9rios, prazos e exig\u00eancias para Inscri\u00e7\u00e3o e Renova\u00e7\u00e3o de Inscri\u00e7\u00e3o das Entidades e Organiza\u00e7\u00f5es de Assist\u00eancia Social no \u00e2mbito do Munic\u00edpio de Diamantina e d\u00e1 outras provid\u00eancias.","dataAtualizacao":"2026-01-07 09:51:36","dataInicioVigencia":null,"dataFimVigencia":null,"data":"2026-01-07","numero":308,"categoria":"Resolu\u00e7\u00e3o","situacao":"Em vigor","descricao":""},{"ementa":"Nomeia servidora ocupante de cargo comissionado do Poder Executivo Municipal de Diamantina, na estrutura organizacional da Secretaria Municipal de Desenvolvimento Social, e d\u00e1 outras provid\u00eancias.","dataAtualizacao":"2026-01-09 11:54:57","dataInicioVigencia":null,"dataFimVigencia":null,"data":"2026-01-06","numero":10,"categoria":"Decreto","situacao":"Em vigor","descricao":""},{"ementa":"Nomeia interinamente substituta para servidora ocupante de cargo comissionado, na estrutura organizacional da Secretaria Municipal de Planejamento, Or\u00e7amento e Gest\u00e3o, durante per\u00edodo de f\u00e9rias regulamentares, e d\u00e1 outras provid\u00eancias.","dataAtualizacao":"2026-01-09 11:48:35","dataInicioVigencia":null,"dataFimVigencia":null,"data":"2026-01-06","numero":9,"categoria":"Decreto","situacao":"Em vigor","descricao":""},{"ementa":"Nomeia interinamente substituta para servidor ocupante de cargo comissionado, na estrutura organizacional da Secretaria Municipal de Fazenda,durante per\u00edodo de f\u00e9rias regulamentares, e d\u00e1 outras provid\u00eancias.","dataAtualizacao":"2026-01-09 11:44:59","dataInicioVigencia":null,"dataFimVigencia":null,"data":"2026-01-06","numero":8,"categoria":"Decreto","situacao":"Em vigor","descricao":""},{"ementa":"Nomeia interinamente substituta para servidora ocupante de cargo comissionado, na estrutura organizacional da Secretaria Municipal de Desenvolvimento Social, durante per\u00edodo de f\u00e9rias regulamentares, e d\u00e1 outras provid\u00eancias.","dataAtualizacao":"2026-01-09 12:01:09","dataInicioVigencia":null,"dataFimVigencia":null,"data":"2026-01-06","numero":7,"categoria":"Decreto","situacao":"Em vigor","descricao":""},{"ementa":"Reduz carga hor\u00e1ria de servidora do Poder Executivo Municipal de Diamantina, na estrutura organizacional da Secretaria Municipal de Educa\u00e7\u00e3o, e d\u00e1 outras provid\u00eancias.","dataAtualizacao":"2026-01-09 11:40:08","dataInicioVigencia":null,"dataFimVigencia":null,"data":"2026-01-06","numero":6,"categoria":"Decreto","situacao":"Em vigor","descricao":""},{"ementa":"Disp\u00f5e sobre nomea\u00e7\u00e3o de servidora aprovada no Concurso P\u00fablico no 01\/2019 para provimento de cargo efetivo do quadro de pessoal do Munic\u00edpio de Diamantina, e d\u00e1 outras provid\u00eancias","dataAtualizacao":"2026-01-09 11:37:10","dataInicioVigencia":null,"dataFimVigencia":null,"data":"2026-01-06","numero":5,"categoria":"Decreto","situacao":"Em vigor","descricao":""},{"ementa":"DISP\u00d5E SOBRE O PAGAMENTO DE DI\u00c1RIAS A SERVIDORES MUNICIPAIS, E D\u00c1 OUTRAS PROVID\u00caNCIAS.","dataAtualizacao":"2026-01-09 11:16:14","dataInicioVigencia":null,"dataFimVigencia":null,"data":"2026-01-05","numero":4,"categoria":"Decreto","situacao":"Em vigor","descricao":""},{"ementa":"Cr\u00e9dito Adicional Suplementar","dataAtualizacao":"2026-02-26 09:38:01","dataInicioVigencia":null,"dataFimVigencia":null,"data":"2026-01-05","numero":3,"categoria":"Decreto","situacao":"Em vigor","descricao":""},{"ementa":"Cr\u00e9dito Adicional Suplementar","dataAtualizacao":"2026-02-26 09:37:09","dataInicioVigencia":null,"dataFimVigencia":null,"data":"2026-01-05","numero":2,"categoria":"Decreto","situacao":"Em vigor","descricao":""},{"ementa":"Disp\u00f5e sobre a cria\u00e7\u00e3o de Comiss\u00e3o T\u00e9cnica para analisar e avaliar os estudos provenientes do Procedimento de Manifesta\u00e7\u00e3o de Interesse \u2013 PMI \u2013 N\u00ba 01\/2026.","dataAtualizacao":"2026-01-09 11:12:59","dataInicioVigencia":null,"dataFimVigencia":null,"data":"2026-01-05","numero":1,"categoria":"Decreto","situacao":"Em vigor","descricao":""},{"ementa":"Institui Comiss\u00e3o de Monitoramento e Avalia\u00e7\u00e3o destinada a monitorar e avaliar a parceria celebrada com a Associa\u00e7\u00e3o Quilombola Boa Esperan\u00e7a do Quartel do Indai\u00e1 e Regi\u00e3o e designa gestor da respectiva parceria, nos termos de que trata a Lei Federal 13.019, de 31 de julho de 2014, e o Decreto Municipal n\u00b0 29, de 19 de janeiro de 2018.","dataAtualizacao":"2026-01-19 10:51:04","dataInicioVigencia":null,"dataFimVigencia":null,"data":"2026-01-02","numero":1,"categoria":"Portaria","situacao":"Em vigor","descricao":""},{"ementa":"Cr\u00e9dito Adicional Suplementar","dataAtualizacao":"2026-01-30 10:00:06","dataInicioVigencia":null,"dataFimVigencia":null,"data":"2025-12-22","numero":699,"categoria":"Decreto","situacao":"Em vigor","descricao":""},{"ementa":"Declara vac\u00e2ncia de cargo p\u00fablico de servidor efetivo por motivo de aposentadoria.","dataAtualizacao":"2026-02-04 15:03:51","dataInicioVigencia":null,"dataFimVigencia":null,"data":"2025-12-18","numero":693,"categoria":"Decreto","situacao":"Em vigor","descricao":""},{"ementa":"Declara vac\u00e2ncia de cargo p\u00fablico de servidor efetivo por motivo de aposentadoria.","dataAtualizacao":"2026-02-04 14:55:55","dataInicioVigencia":null,"dataFimVigencia":null,"data":"2025-12-18","numero":692,"categoria":"Decreto","situacao":"Em vigor","descricao":""},{"ementa":"Prorroga cess\u00e3o de servidor p\u00fablico da Administra\u00e7\u00e3o P\u00fablica Municipal do Poder Executivo que especifica, e d\u00e1 outras provid\u00eancias.","dataAtualizacao":"2026-02-04 14:54:48","dataInicioVigencia":null,"dataFimVigencia":null,"data":"2025-12-17","numero":691,"categoria":"Decreto","situacao":"Em vigor","descricao":""},{"ementa":"Nomeia servidora ocupante de cargo comissionado do Poder Executivo Municipal de Diamantina, na estrutura organizacional da Secretaria Municipal de Cultura e Patrim\u00f4nio, e d\u00e1 outras provid\u00eancias.","dataAtualizacao":"2026-02-04 14:52:56","dataInicioVigencia":null,"dataFimVigencia":null,"data":"2025-12-17","numero":690,"categoria":"Decreto","situacao":"Em vigor","descricao":""},{"ementa":"Declara vac\u00e2ncia de cargo p\u00fablico de servidora efetiva por motivo de aposentadoria.","dataAtualizacao":"2026-02-04 14:51:49","dataInicioVigencia":null,"dataFimVigencia":null,"data":"2025-12-17","numero":689,"categoria":"Decreto","situacao":"Em vigor","descricao":""},{"ementa":"Cr\u00e9dito Adicional Suplementar","dataAtualizacao":"2026-01-30 09:59:36","dataInicioVigencia":null,"dataFimVigencia":null,"data":"2025-12-12","numero":677,"categoria":"Decreto","situacao":"Em vigor","descricao":""},{"ementa":"Cr\u00e9dito Adicional Especial","dataAtualizacao":"2026-01-30 09:59:02","dataInicioVigencia":null,"dataFimVigencia":null,"data":"2025-12-09","numero":673,"categoria":"Decreto","situacao":"Em vigor","descricao":""},{"ementa":"Cr\u00e9dito Adicional Especial","dataAtualizacao":"2026-01-30 09:58:00","dataInicioVigencia":null,"dataFimVigencia":null,"data":"2025-12-09","numero":672,"categoria":"Decreto","situacao":"Em vigor","descricao":""},{"ementa":"Cr\u00e9dito Adicional Suplementar","dataAtualizacao":"2026-01-30 09:56:49","dataInicioVigencia":null,"dataFimVigencia":null,"data":"2025-12-01","numero":658,"categoria":"Decreto","situacao":"Em vigor","descricao":""},{"ementa":"Cr\u00e9dito Adicional Suplementar","dataAtualizacao":"2026-01-30 09:55:58","dataInicioVigencia":null,"dataFimVigencia":null,"data":"2025-12-01","numero":657,"categoria":"Decreto","situacao":"Em vigor","descricao":""},{"ementa":"Cr\u00e9dito Adicional Suplementar","dataAtualizacao":"2026-01-30 09:55:26","dataInicioVigencia":null,"dataFimVigencia":null,"data":"2025-12-01","numero":656,"categoria":"Decreto","situacao":"Em vigor","descricao":""},{"ementa":"Cr\u00e9dito Adicional Suplementar","dataAtualizacao":"2026-01-30 09:54:53","dataInicioVigencia":null,"dataFimVigencia":null,"data":"2025-12-01","numero":655,"categoria":"Decreto","situacao":"Em vigor","descricao":""},{"ementa":"\u201cCancela despesa inscrita em Restos a Pagar e d\u00e1 outras provid\u00eancias\u201d.","dataAtualizacao":"2026-02-03 15:23:29","dataInicioVigencia":null,"dataFimVigencia":null,"data":"2025-08-07","numero":473,"categoria":"Decreto","situacao":"Em vigor","descricao":""},{"ementa":"Aprova o Plano Municipal Decenal de Atendimento de Medida S\u00f3cioeducativo em Meio Aberto;","dataAtualizacao":"2026-04-28 09:10:27","dataInicioVigencia":null,"dataFimVigencia":null,"data":"2025-08-06","numero":341,"categoria":"Resolu\u00e7\u00e3o","situacao":"Em vigor","descricao":""},{"ementa":"ALTERA A LEI COMPLEMENTAR N\u00ba 172, DE 27 DE SETEMBRO DE 2022, QUE DISP\u00d5E SOBRE A REORGANIZA\u00c7\u00c3O DA ESTRUTURA ADMINISTRATIVA DO PODER EXECUTIVO DO MUNIC\u00cdPIO DE DIAMANTINA, E D\u00c1 OUTRAS PROVID\u00caNCIAS.","dataAtualizacao":"2026-03-12 09:55:32","dataInicioVigencia":null,"dataFimVigencia":null,"data":"2025-04-16","numero":193,"categoria":"Lei Complementar","situacao":"Em vigor","descricao":""},{"ementa":"Regulamenta o sistema de pre\u00e7os p\u00fablicos do munic\u00edpio de Diamantina e d\u00e1 outras provid\u00eancias.","dataAtualizacao":"2026-03-20 10:52:43","dataInicioVigencia":null,"dataFimVigencia":null,"data":"2012-05-28","numero":235,"categoria":"Decreto","situacao":"Em vigor","descricao":""},{"ementa":"D\u00c1 DENOMINA\u00c7\u00c3O DE \u201cRUA DO BICAME\u201d E DE \u201cRUA BICAME DE CIMA\u201d,\r\nDUAS VIAS P\u00daBLICAS SITUADAS NO BAIRRO DE MESMO NOME E D\u00c1\r\nOUTRAS PROVID\u00caNCIAS","dataAtualizacao":"2026-02-27 11:03:44","dataInicioVigencia":null,"dataFimVigencia":null,"data":"2010-09-27","numero":3572,"categoria":"Lei Ordin\u00e1ria","situacao":"Em vigor","descricao":null}]}