{"dados":[{"titulo":"CREDENCIAMENTO de LEILOEIROS OFICIAIS","dataAtualizacao":"2026-04-28 11:08:35","dataPostagem":"2026-05-27 11:59:00","dataRealizacao":"2026-04-27 09:00:00","numeroEdital":7,"numeroProcesso":7,"modalidade":"Chamamento P\u00fablico","situacao":"Aberto","descricao":"CREDENCIAMENTO de LEILOEIROS OFICIAIS."},{"titulo":"Contrata\u00e7\u00e3o de empresa especializada para implanta\u00e7\u00e3o, disponibiliza\u00e7\u00e3o, opera\u00e7\u00e3o, manuten\u00e7\u00e3o e suporte t\u00e9cnico de sistema digital de venda de cr\u00e9ditos do estacionamento rotativo pago (SERP).","dataAtualizacao":"2026-04-28 16:03:13","dataPostagem":"2026-05-13 09:00:00","dataRealizacao":"2026-04-17 09:00:00","numeroEdital":12,"numeroProcesso":86,"modalidade":"Preg\u00e3o Eletr\u00f4nico","situacao":"Aberto","descricao":"Contrata&ccedil;&atilde;o de empresa especializada para implanta&ccedil;&atilde;o, disponibiliza&ccedil;&atilde;o, opera&ccedil;&atilde;o, manuten&ccedil;&atilde;o e&nbsp;suporte t&eacute;cnico de sistema digital de venda de cr&eacute;ditos do estacionamento rotativo pago (SERP).<br \/>\r\n&nbsp;"},{"titulo":"Preg\u00e3o Eletr\u00f4nico visando a aquisi\u00e7\u00e3o Raticidas para o desenvolvimento do trabalho de controle dos roedores por parte do setor de Zoonoses vinculado a Secretaria de Sa\u00fade da Prefeitura Municipal de Diamantina. Justifica-se a solicita\u00e7\u00e3o considerando que esses materiais s\u00e3o essenciais para as atividades desenvolvidas pelos programas de controle de roedores realizados pela Vigil\u00e2","dataAtualizacao":"2026-04-29 13:15:29","dataPostagem":"2026-05-12 09:00:00","dataRealizacao":"2026-04-27 07:00:00","numeroEdital":0,"numeroProcesso":40,"modalidade":"Preg\u00e3o Eletr\u00f4nico","situacao":"Aberto","descricao":"Preg&atilde;o Eletr&ocirc;nico visando a aquisi&ccedil;&atilde;o Raticidas para o desenvolvimento do trabalho de controle dos roedores por parte do setor de Zoonoses vinculado a Secretaria de Sa&uacute;de da Prefeitura Municipal de Diamantina. Justifica-se a solicita&ccedil;&atilde;o considerando que esses materiais s&atilde;o essenciais para as atividades desenvolvidas pelos programas de controle de roedores realizados pela Vigil&acirc;ncia Ambiental\/Zoonoses do Munic&iacute;pio; o principal objetivo &eacute; o controle sanit&aacute;rio, para evitar a prolifera&ccedil;&atilde;o de doen&ccedil;as.&nbsp;"},{"titulo":"Contrata\u00e7\u00e3o de empresa para execu\u00e7\u00e3o de pavimenta\u00e7\u00e3o com blocos sextavados de concreto (bloquete) com denagrem supercial na rua de acesso \u00e0 quadra de esportes da Escola Lurdes Tib\u00e3es, Travessa Rua do Ros\u00e1rio, Distrito de Senador Mour\u00e3o - Diamantina\/MG.","dataAtualizacao":"2026-04-13 14:37:37","dataPostagem":"2026-05-11 09:00:00","dataRealizacao":"2026-04-14 09:00:00","numeroEdital":8,"numeroProcesso":202,"modalidade":"Concorr\u00eancia Eletr\u00f4nica","situacao":"Aberto","descricao":"Contrata&ccedil;&atilde;o de empresa para execu&ccedil;&atilde;o de pavimenta&ccedil;&atilde;o com blocos sextavados de concreto (bloquete) com denagrem supercial na rua de acesso &agrave; quadra de esportes da Escola Lurdes Tib&atilde;es, Travessa Rua do Ros&aacute;rio, Distrito de Senador Mour&atilde;o - Diamantina\/MG.<br \/>\r\n&nbsp;"},{"titulo":"Aquisi\u00e7\u00e3o atrav\u00e9s da modalidade de dispensa de licita\u00e7\u00e3o dos medicamentos L Carnitina 100MG\/ML e Coenzima Q10 10MG\/ML, visando o atendimento do paciente Arthur Miguel Resende Leite, portador do quadro de miopatia mitocondrial.","dataAtualizacao":"2026-04-28 15:56:00","dataPostagem":"2026-04-22 09:00:00","dataRealizacao":"2026-04-27 07:00:00","numeroEdital":9,"numeroProcesso":90,"modalidade":"Dispensa de Licita\u00e7\u00e3o","situacao":"Aberto","descricao":"Aquisi&ccedil;&atilde;o atrav&eacute;s da modalidade de dispensa de licita&ccedil;&atilde;o dos medicamentos L Carnitina 100MG\/ML e Coenzima Q10 10MG\/ML, visando o atendimento do paciente Arthur Miguel Resende Leite, portador do quadro de miopatia mitocondrial."},{"titulo":"Contrata\u00e7\u00e3o de locutores profissionais para atua\u00e7\u00e3o nos eventos esportivos do calend\u00e1rio municipal de 2026.","dataAtualizacao":"2026-04-29 15:01:03","dataPostagem":"2026-04-17 09:00:00","dataRealizacao":"2026-04-27 07:00:00","numeroEdital":0,"numeroProcesso":127,"modalidade":"Inexigibilidade","situacao":"Aberto","descricao":"Contrata&ccedil;&atilde;o de locutores profissionais para atua&ccedil;&atilde;o nos eventos esportivos do calend&aacute;rio municipal de 2026.&nbsp;"},{"titulo":"Registro de pre\u00e7os visando futura e eventual contrata\u00e7\u00e3o de servi\u00e7o de brigadistas para os eventos realizados pela Secretaria Municipal de Cultura e Patrim\u00f4nio.","dataAtualizacao":"2026-04-29 14:22:17","dataPostagem":"2026-04-07 09:00:00","dataRealizacao":"2026-03-19 17:00:00","numeroEdital":5,"numeroProcesso":17,"modalidade":"Preg\u00e3o Eletr\u00f4nico","situacao":"Aberto","descricao":"Registro de pre&ccedil;os visando futura e eventual contrata&ccedil;&atilde;o de servi&ccedil;o de brigadistas para os eventos realizados pela Secretaria Municipal de Cultura e Patrim&ocirc;nio."},{"titulo":"Pagamento de 01 (uma) anuidade referente \u00e0 subscri\u00e7\u00e3o do munic\u00edpio de Diamantina\/MG, atrav\u00e9s da SEDETUR, \u00e0 Associa\u00e7\u00e3o Nacional dos Secret\u00e1rios e Dirigentes Municipais do Turismo - ANSEDITUR.","dataAtualizacao":"2026-04-28 15:45:38","dataPostagem":"2026-04-07 09:00:00","dataRealizacao":"2026-04-27 07:00:00","numeroEdital":0,"numeroProcesso":110,"modalidade":"Inexigibilidade","situacao":"Aberto","descricao":"Pagamento de 01 (uma) anuidade referente &agrave; subscri&ccedil;&atilde;o do munic&iacute;pio de Diamantina\/MG, atrav&eacute;s da SEDETUR, &agrave; Associa&ccedil;&atilde;o Nacional dos Secret&aacute;rios e Dirigentes Municipais do Turismo - ANSEDITUR.&nbsp;"},{"titulo":"Aquisi\u00e7\u00e3o de Canabidiol 20mg\/mL, conforme determinado atrav\u00e9s da Apela\u00e7\u00e3o C\u00edvel n.\u00b0 1.0000.24.211261-3\/001 que o munic\u00edpio de Diamantina proceda com a compra do medicamento visando o tratamento do paciente J.A.M.V.S., diagnosticado com transtorno do Espectro Autista (CID F84).","dataAtualizacao":"2026-04-24 16:18:44","dataPostagem":"2026-04-01 09:00:00","dataRealizacao":"2026-02-23 10:00:00","numeroEdital":51,"numeroProcesso":259,"modalidade":"Preg\u00e3o Eletr\u00f4nico","situacao":"Aberto","descricao":"Aquisi&ccedil;&atilde;o de Canabidiol 20mg\/mL, conforme determinado atrav&eacute;s da Apela&ccedil;&atilde;o C&iacute;vel n.&deg; 1.0000.24.211261-3\/001 que o munic&iacute;pio de Diamantina proceda com a compra do medicamento visando o tratamento do paciente J.A.M.V.S., diagnosticado com transtorno do Espectro Autista (CID F84)."},{"titulo":"Contrata\u00e7\u00e3o de artista para apresenta\u00e7\u00e3o musical durante a 14\u00aa Festa do Cavaleiro, a ser realizada na comunidade de Barreira Vermelha, distrito de Desembargador Otoni, no dia 04 de abril de 2026.  Emenda 52\/2025  Vereador Edivaldo J. Silva Lopes.","dataAtualizacao":"2026-04-28 15:37:13","dataPostagem":"2026-04-01 09:00:00","dataRealizacao":"2026-04-27 07:00:00","numeroEdital":0,"numeroProcesso":120,"modalidade":"Inexigibilidade","situacao":"Aberto","descricao":"Contrata&ccedil;&atilde;o de artista para apresenta&ccedil;&atilde;o musical durante a 14&ordf; Festa do Cavaleiro, a ser realizada na comunidade de Barreira Vermelha, distrito de Desembargador Otoni, no dia 04 de abril de 2026. &nbsp;Emenda 52\/2025 &nbsp;Vereador Edivaldo J. Silva Lopes."},{"titulo":"Registro de pre\u00e7os visando \u00e0 futura e eventual aquisi\u00e7\u00e3o de materiais de copa e cozinha para a Secretaria Municipal de Desenvolvimento Social, com o objetivo de atender \u00e0s demandas do Servi\u00e7o de Conviv\u00eancia e Fortalecimento de V\u00ednculos (SCFV) desenvolvidos nos CRAS e na FUMBEM","dataAtualizacao":"2026-03-12 18:02:40","dataPostagem":"2026-03-31 09:00:00","dataRealizacao":"2026-03-12 09:00:00","numeroEdital":54,"numeroProcesso":274,"modalidade":"Preg\u00e3o Eletr\u00f4nico","situacao":"Aberto","descricao":"Registro de pre&ccedil;os visando &agrave; futura e eventual aquisi&ccedil;&atilde;o de materiais de copa e cozinha para a Secretaria Municipal de Desenvolvimento Social, com o objetivo de atender &agrave;s demandas do Servi&ccedil;o de Conviv&ecirc;ncia e Fortalecimento de V&iacute;nculos (SCFV) desenvolvidos nos CRAS e na FUMBEM."},{"titulo":"Registro de pre\u00e7os visando futura e eventual contrata\u00e7\u00e3o de servi\u00e7os especializados em monitoramento dos pr\u00e9dios p\u00fablicos da Prefeitura Municipal de Diamantina.","dataAtualizacao":"2026-03-16 14:47:55","dataPostagem":"2026-03-31 09:00:00","dataRealizacao":"2026-03-16 07:00:00","numeroEdital":48,"numeroProcesso":224,"modalidade":"Preg\u00e3o Eletr\u00f4nico","situacao":"Aberto","descricao":"Registro de pre&ccedil;os visando futura e eventual contrata&ccedil;&atilde;o de servi&ccedil;os especializados em monitoramento dos pr&eacute;dios p&uacute;blicos da Prefeitura Municipal de Diamantina.&nbsp;"},{"titulo":"Contrata\u00e7\u00e3o de artistas para eventos culturais do m\u00eas de abril de 2026.","dataAtualizacao":"2026-04-28 15:43:31","dataPostagem":"2026-03-31 09:00:00","dataRealizacao":"2026-04-27 07:00:00","numeroEdital":0,"numeroProcesso":111,"modalidade":"Inexigibilidade","situacao":"Aberto","descricao":"Contrata&ccedil;&atilde;o de artistas para eventos culturais do m&ecirc;s de abril de 2026."},{"titulo":"Contrata\u00e7\u00e3o de servi\u00e7o para o registro fotogr\u00e1fico e audio visual, de modo a registrar as a\u00e7\u00f5es de salvaguarda de patrimonio imaterial, Guarda Romana, Tapetes Devocionais, Semana Santa, Festa do Divino Esp\u00edrito Santo e modo de fazer o bolo de arroz .","dataAtualizacao":"2026-04-28 15:41:30","dataPostagem":"2026-03-31 09:00:00","dataRealizacao":"2026-04-27 07:00:00","numeroEdital":0,"numeroProcesso":113,"modalidade":"Inexigibilidade","situacao":"Aberto","descricao":"Contrata&ccedil;&atilde;o de servi&ccedil;o para o registro fotogr&aacute;fico e audio visual, de modo a registrar as a&ccedil;&otilde;es de salvaguarda de patrimonio imaterial, Guarda Romana, Tapetes Devocionais, Semana Santa, Festa do Divino Esp&iacute;rito Santo e modo de fazer o bolo de arroz ."},{"titulo":"Processo de Inexigibilidade destinado a contrata\u00e7\u00e3o da empresa especializada JSF ADMINISTRA\u00c7\u00c3O E PARTICIPA\u00c7\u00c3O S\/A para a presta\u00e7\u00e3o de servi\u00e7os t\u00e9cnicos de consultoria e assessoria \u00e0 Secretaria Municipal de Sa\u00fade de Diamantina\/MG, com foco na capta\u00e7\u00e3o de recursos p\u00fablicos e na reestrutura\u00e7\u00e3o da gest\u00e3o administrativa, financeira e organizacional da sa\u00fade p\u00fablica municipal, visand","dataAtualizacao":"2026-04-29 15:18:12","dataPostagem":"2026-03-30 09:00:00","dataRealizacao":"2026-04-27 07:00:00","numeroEdital":0,"numeroProcesso":102,"modalidade":"Inexigibilidade","situacao":"Aberto","descricao":"Processo de Inexigibilidade destinado a contrata&ccedil;&atilde;o da empresa especializada JSF ADMINISTRA&Ccedil;&Atilde;O E PARTICIPA&Ccedil;&Atilde;O S\/A para a presta&ccedil;&atilde;o de servi&ccedil;os t&eacute;cnicos de consultoria e assessoria &agrave; Secretaria Municipal de Sa&uacute;de de Diamantina\/MG, com foco na capta&ccedil;&atilde;o de recursos p&uacute;blicos e na reestrutura&ccedil;&atilde;o da gest&atilde;o administrativa, financeira e organizacional da sa&uacute;de p&uacute;blica municipal, visando ao fortalecimento institucional, &agrave; amplia&ccedil;&atilde;o da&nbsp;"},{"titulo":"Contrata\u00e7\u00e3o da empresa especializada ELO SA\u00daDE B2B LTDA para a presta\u00e7\u00e3o de servi\u00e7os de consultoria t\u00e9cnica destinados \u00e0 implanta\u00e7\u00e3o de Unidade de Pronto Atendimento \u2013 UPA 24 Horas, abrangendo a realiza\u00e7\u00e3o de diagn\u00f3stico da Rede de Aten\u00e7\u00e3o \u00e0 Sa\u00fade do Munic\u00edpio, an\u00e1lise das potencialidades assistenciais do territ\u00f3rio, assessoria t\u00e9cnica especializada em engenharia cl\u00ednica para e","dataAtualizacao":"2026-04-29 15:11:41","dataPostagem":"2026-03-30 09:00:00","dataRealizacao":"2026-04-27 07:00:00","numeroEdital":0,"numeroProcesso":103,"modalidade":"Inexigibilidade","situacao":"Aberto","descricao":"Contrata&ccedil;&atilde;o da empresa especializada ELO SA&Uacute;DE B2B LTDA para a presta&ccedil;&atilde;o de servi&ccedil;os de consultoria t&eacute;cnica destinados &agrave; implanta&ccedil;&atilde;o de Unidade de Pronto Atendimento &ndash; UPA 24 Horas, abrangendo a realiza&ccedil;&atilde;o de diagn&oacute;stico da Rede de Aten&ccedil;&atilde;o &agrave; Sa&uacute;de do Munic&iacute;pio, an&aacute;lise das potencialidades assistenciais do territ&oacute;rio, assessoria t&eacute;cnica especializada em engenharia cl&iacute;nica para especifica&ccedil;&atilde;o e aquisi&ccedil;&atilde;o de equipamentos m&eacute;dico-hospitalares, elabora&ccedil;&atilde;o de manual de fiscaliza&ccedil;&atilde;o, capacita&ccedil;&atilde;o de gestores e fiscais de contratos, bem como acompanhamento t&eacute;cnico mensal das a&ccedil;&otilde;es necess&aacute;rias &agrave; reorganiza&ccedil;&atilde;o da rede de urg&ecirc;ncia e emerg&ecirc;ncia, com vistas &agrave; estrutura&ccedil;&atilde;o e inaugura&ccedil;&atilde;o da UPA.&nbsp;"},{"titulo":"Inexigibilidade de licita\u00e7\u00e3o, para contrata\u00e7\u00e3o de emissoras de r\u00e1dio FM, para presta\u00e7\u00e3o de servi\u00e7os de divulga\u00e7\u00e3o de campanhas institucionais, comunicados de interesse p\u00fablico, programas e a\u00e7\u00f5es governamentais da Prefeitura Municipal de Diamantina. No presente procedimento dever\u00e1 ser considerado o CHAMAMENTO P\u00daBLICO PARA CREDENCIAMENTO NA FORMA ELETR\u00d4NICA N\u00ba 008\/2025, Processo","dataAtualizacao":"2026-04-28 15:49:20","dataPostagem":"2026-03-30 09:00:00","dataRealizacao":"2026-04-27 07:00:00","numeroEdital":0,"numeroProcesso":103,"modalidade":"Inexigibilidade","situacao":"Aberto","descricao":"Inexigibilidade de licita&ccedil;&atilde;o, para contrata&ccedil;&atilde;o de emissoras de r&aacute;dio FM, para presta&ccedil;&atilde;o de servi&ccedil;os de divulga&ccedil;&atilde;o de campanhas institucionais, comunicados de interesse p&uacute;blico, programas e a&ccedil;&otilde;es governamentais da Prefeitura Municipal de Diamantina. No presente procedimento dever&aacute; ser considerado o CHAMAMENTO P&Uacute;BLICO PARA CREDENCIAMENTO NA FORMA ELETR&Ocirc;NICA N&ordm; 008\/2025, Processo Licitat&oacute;rio n&ordm; 288\/2025, Processo SEI n&ordm; 25.1.000001086-3.&nbsp;"},{"titulo":"Loca\u00e7\u00e3o de 02 (dois) ve\u00edculos com tra\u00e7\u00e3o 4x4, destinados ao atendimento do setor de Zoonoses, sendo um para o desenvolvimento dos diversos servi\u00e7os do setor ao longo de 12 meses e o outro durante a execu\u00e7\u00e3o da Campanha de Vacina\u00e7\u00e3o Antirr\u00e1bica 2026, nos meses de julho, agosto e setembro.","dataAtualizacao":"2026-04-29 13:10:35","dataPostagem":"2026-03-27 09:00:00","dataRealizacao":"2026-03-10 14:55:00","numeroEdital":8,"numeroProcesso":49,"modalidade":"Preg\u00e3o Eletr\u00f4nico","situacao":"Aberto","descricao":"<div>Loca&ccedil;&atilde;o de 02 (dois) ve&iacute;culos com tra&ccedil;&atilde;o 4x4, destinados ao atendimento do setor de<\/div>\r\n\r\n<div>Zoonoses, sendo um para o desenvolvimento dos diversos servi&ccedil;os do setor ao longo de 12<\/div>\r\n\r\n<div>meses e o outro durante a execu&ccedil;&atilde;o da Campanha de Vacina&ccedil;&atilde;o Antirr&aacute;bica 2026, nos<\/div>\r\n\r\n<div>meses de julho, agosto e setembro.<br \/>\r\n&nbsp;<\/div>\r\n"},{"titulo":"Aquisi\u00e7\u00e3o de carn\u00eas de IPTU\/TAXAS e ISSQN\/TAXAS dos exerc\u00edcios de 2026, 2027 e 2028 anuais para cobran\u00e7a dos tributos municipais da Prefeitura Municipal de Diamantina.","dataAtualizacao":"2026-04-29 14:47:00","dataPostagem":"2026-03-26 09:00:00","dataRealizacao":"2026-03-09 11:48:00","numeroEdital":0,"numeroProcesso":15,"modalidade":"Preg\u00e3o Eletr\u00f4nico","situacao":"Aberto","descricao":"<span style=\"font-family:arial; font-size:12,0000pt; font-weight:normal; line-height:150%; mso-fareast-font-family:SimSun; mso-spacerun:'yes'\">Aquisi&ccedil;&atilde;Aquisi&ccedil;&atilde;o de carn&ecirc;s de IPTU\/TAXAS e ISSQN\/TAXAS dos exerc&iacute;cios de 2026, 2027 e 2028 anuais para cobran&ccedil;a dos tributos municipais da Prefeitura Municipal de Diamantina.o de carn&ecirc;s de <\/span><strong><strong>IPTU\/TAXAS e ISSQN\/TAXAS dos exerc&iacute;cios de 2026, 2027 e 2028 <\/strong><\/strong><span style=\"font-family:arial; font-size:12,0000pt; font-weight:normal; line-height:150%; mso-fareast-font-family:SimSun; mso-spacerun:'yes'\">anuais para cobran&ccedil;a dos tributos municipais da Prefeitura Municipal de Diamantina.&nbsp;<\/span><span style=\"font-family:arial; font-size:12,0000pt; line-height:150%; mso-ansi-font-weight:normal; mso-bidi-font-weight:bold; mso-fareast-font-family:SimSun; mso-spacerun:'yes'\"><\/span>"},{"titulo":"Contrata\u00e7\u00e3o de locutores profissionais para apresenta\u00e7\u00e3o da Orquestra Sinf\u00f4nica Jovem de Diamantina e para o Encontro da Associa\u00e7\u00e3o das Cidades hist\u00f3ricas de Minas Gerais.","dataAtualizacao":"2026-04-28 15:52:51","dataPostagem":"2026-03-20 09:00:00","dataRealizacao":"2026-04-27 07:00:00","numeroEdital":0,"numeroProcesso":98,"modalidade":"Inexigibilidade","situacao":"Aberto","descricao":"Contrata&ccedil;&atilde;o de locutores profissionais para apresenta&ccedil;&atilde;o da Orquestra Sinf&ocirc;nica Jovem de Diamantina e para o Encontro da Associa&ccedil;&atilde;o das Cidades hist&oacute;ricas de Minas Gerais."},{"titulo":"Contrata\u00e7\u00e3o de empresa especializada em softwares de sistema administrativo estruturante para administra\u00e7\u00e3o p\u00fablica.","dataAtualizacao":"2026-04-23 16:58:34","dataPostagem":"2026-03-17 09:00:00","dataRealizacao":"2026-03-02 09:00:00","numeroEdital":62,"numeroProcesso":302,"modalidade":"Preg\u00e3o Eletr\u00f4nico","situacao":"Aberto","descricao":"Contrata&ccedil;&atilde;o de empresa especializada em softwares de sistema administrativo estruturante para administra&ccedil;&atilde;o p&uacute;blica.<br \/>\r\n&nbsp;"},{"titulo":"Contrata\u00e7\u00e3o empresa para presta\u00e7\u00e3o de servi\u00e7os t\u00e9cnicos advocat\u00edcios para recupera\u00e7\u00e3o de eventuais diferen\u00e7as ocasionadas por desatualiza\u00e7\u00e3o de tabela de procedimentos do SUS, conforme previsto no art. 74, inciso III, \u201ce\u201d, da Lei n\u00ba 14.133\/2021 e regulamentado pela Instru\u00e7\u00e3o Normativa n\u00ba 001, de 22 de janeiro de 2024 do Munic\u00edpio de Diamantina.","dataAtualizacao":"2026-03-17 14:07:45","dataPostagem":"2026-03-17 09:00:00","dataRealizacao":"2026-03-17 07:00:00","numeroEdital":58,"numeroProcesso":240,"modalidade":"Inexigibilidade","situacao":"Aberto","descricao":"Contrata&ccedil;&atilde;o de empresa para presta&ccedil;&atilde;o de servi&ccedil;os t&eacute;cnicos advocat&iacute;cios para recupera&ccedil;&atilde;o de eventuais diferen&ccedil;as ocasionadas por desatualiza&ccedil;&atilde;o de tabela de procedimentos do SUS, conforme previsto no <strong>art. 74, inciso III, &ldquo;e&rdquo;, da Lei n&ordm; 14.133\/2021<\/strong>&nbsp;e regulamentado pela <strong>Instru&ccedil;&atilde;o Normativa n&ordm; 001, de 22 de janeiro de 2024<\/strong>&nbsp;do Munic&iacute;pio de Diamantina.<br \/>\r\n&nbsp;"},{"titulo":"Processo de inexigibilidade visando a contrata\u00e7\u00e3o da M\u00e9dica Fonoaudi\u00f3loga Keilla Meire da Silva Lima, destinada \u00e0 assist\u00eancia ambulatorial de M\u00e9dia Complexidade na Policl\u00ednica Regional, conforme autoriza\u00e7\u00e3o excepcional para contrata\u00e7\u00e3o tempor\u00e1ria, nos termos do art. 37, IX, da Constitui\u00e7\u00e3o Federal.","dataAtualizacao":"2026-04-28 16:00:54","dataPostagem":"2026-03-12 09:00:00","dataRealizacao":"2026-04-27 07:00:00","numeroEdital":0,"numeroProcesso":88,"modalidade":"Inexigibilidade","situacao":"Aberto","descricao":"Processo de inexigibilidade visando a contrata&ccedil;&atilde;o da M&eacute;dica Fonoaudi&oacute;loga Keilla Meire da Silva Lima, destinada &agrave; assist&ecirc;ncia ambulatorial de M&eacute;dia Complexidade na Policl&iacute;nica Regional, conforme autoriza&ccedil;&atilde;o excepcional para contrata&ccedil;&atilde;o tempor&aacute;ria, nos termos do art. 37, IX, da Constitui&ccedil;&atilde;o Federal.&nbsp;"},{"titulo":"Contrata\u00e7\u00e3o de artistas para eventos turisticos","dataAtualizacao":"2026-04-28 15:57:48","dataPostagem":"2026-03-12 09:00:00","dataRealizacao":"2026-04-27 07:00:00","numeroEdital":0,"numeroProcesso":89,"modalidade":"Inexigibilidade","situacao":"Aberto","descricao":"Contrata&ccedil;&atilde;o de artistas para eventos turisticos&nbsp;"},{"titulo":"Contrata\u00e7\u00e3o de artistas e serestas para eventos culturais do m\u00eas de mar\u00e7o de 2026","dataAtualizacao":"2026-04-29 15:31:41","dataPostagem":"2026-03-05 09:00:00","dataRealizacao":"2026-04-27 07:00:00","numeroEdital":0,"numeroProcesso":81,"modalidade":"Inexigibilidade","situacao":"Aberto","descricao":"Contrata&ccedil;&atilde;o de artistas e serestas para eventos culturais do m&ecirc;s de mar&ccedil;o de 2026"},{"titulo":"Contrata\u00e7\u00e3o de locutores profissionais para as apresenta\u00e7\u00f5es da Orquestra Sinf\u00f4nica Jovem de Diamantina e outros eventos.","dataAtualizacao":"2026-04-28 16:06:30","dataPostagem":"2026-03-05 09:00:00","dataRealizacao":"2026-04-27 07:00:00","numeroEdital":0,"numeroProcesso":82,"modalidade":"Inexigibilidade","situacao":"Aberto","descricao":"Contrata&ccedil;&atilde;o de locutores profissionais para as apresenta&ccedil;&otilde;es da Orquestra Sinf&ocirc;nica Jovem de Diamantina e outros eventos."},{"titulo":"Contrata\u00e7\u00e3o de locutores profissionais para as apresenta\u00e7\u00f5es da Orquestra Sinf\u00f4nica Jovem de Diamantina e outros eventos.","dataAtualizacao":"2026-04-28 16:04:40","dataPostagem":"2026-03-05 09:00:00","dataRealizacao":"2026-04-27 07:00:00","numeroEdital":0,"numeroProcesso":83,"modalidade":"Inexigibilidade","situacao":"Aberto","descricao":"Contrata&ccedil;&atilde;o de locutores profissionais para as apresenta&ccedil;&otilde;es da Orquestra Sinf&ocirc;nica Jovem de Diamantina e outros eventos."},{"titulo":"Aquisi\u00e7\u00e3o atrav\u00e9s da modalidade de dispensa de licita\u00e7\u00e3o dos medicamentos L Carnitina 100MG\/ML e Coenzima Q10 10MG\/ML, visando o atendimento do paciente Arthur Miguel Resende Leite, portador do quadro de miopatia mitocondrial.","dataAtualizacao":"2026-04-28 16:09:34","dataPostagem":"2026-03-02 09:00:00","dataRealizacao":"2026-04-27 07:00:00","numeroEdital":8,"numeroProcesso":75,"modalidade":"Dispensa de Licita\u00e7\u00e3o","situacao":"Aberto","descricao":"Aquisi&ccedil;&atilde;o atrav&eacute;s da modalidade de dispensa de licita&ccedil;&atilde;o dos medicamentos L Carnitina 100MG\/ML e Coenzima Q10 10MG\/ML, visando o atendimento do paciente Arthur Miguel Resende Leite, portador do quadro de miopatia mitocondrial."},{"titulo":"Dispensa Emergencial visando a contrata\u00e7\u00e3o de uma empresa de loca\u00e7\u00e3o de sistema de c\u00e2meras, alarmes e monitoramento de seguran\u00e7a para a prote\u00e7\u00e3o do pr\u00e9dio e dos equipamentos vinculados \u00e0 Unidade de Pronto Atendimento do Munic\u00edpio - UPA.","dataAtualizacao":"2026-04-27 08:49:09","dataPostagem":"2026-02-27 09:00:00","dataRealizacao":"2026-04-27 07:00:00","numeroEdital":5,"numeroProcesso":5,"modalidade":"Dispensa de Licita\u00e7\u00e3o","situacao":"Aberto","descricao":"Dispensa Emergencial visando a contrata&ccedil;&atilde;o de uma empresa de loca&ccedil;&atilde;o de sistema de c&acirc;meras, alarmes e monitoramento de seguran&ccedil;a para a prote&ccedil;&atilde;o do pr&eacute;dio e dos equipamentos vinculados &agrave; Unidade de Pronto Atendimento do Munic&iacute;pio - UPA."},{"titulo":"Processo de Ades\u00e3o \u00e0 Ata de Registro de Pre\u00e7os n\u00ba 004\/2024, referente ao Processo Licitat\u00f3rio n.\u00ba 006\/2024, Preg\u00e3o Eletr\u00f4nico n.\u00ba 005\/2024, oriundo do CIMVALES, onde a empresa vencedora foi a Mediocenter LTDA, que tem por objeto registro de pre\u00e7os para a futura e eventual aquisi\u00e7\u00e3o de medicamentos, materiais de consumo e sanitizantes, de uso hospitalares, odontol\u00f3gicos e labora","dataAtualizacao":"2026-04-28 16:53:12","dataPostagem":"2026-02-26 09:00:00","dataRealizacao":"2026-04-27 07:00:00","numeroEdital":0,"numeroProcesso":71,"modalidade":"Ades\u00e3o Ata de Registro de Pre\u00e7os","situacao":"Aberto","descricao":"Processo de Ades&atilde;o &agrave; Ata de Registro de Pre&ccedil;os n&ordm; 004\/2024, referente ao Processo Licitat&oacute;rio n.&ordm; 006\/2024, Preg&atilde;o Eletr&ocirc;nico n.&ordm; 005\/2024, oriundo do CIMVALES, onde a empresa vencedora foi a Mediocenter LTDA, que tem por objeto registro de pre&ccedil;os para a futura e eventual aquisi&ccedil;&atilde;o de medicamentos, materiais de consumo e sanitizantes, de uso hospitalares, odontol&oacute;gicos e laboratoriais, mediante percentual de desconto a ser aplicado sobre os pre&ccedil;os registrados no Banco de Pre&ccedil;os do Tribunal de Contas do Estado de Minas Gerais (TCE-MG), bem como aquisi&ccedil;&atilde;o de bens dur&aacute;veis de uso permanentes, mediante aplica&ccedil;&atilde;o de percentual de desconto aplicado sobre os pre&ccedil;os da Tabela Renem em vigor, com a finalidade da aquisi&ccedil;&atilde;o de repelente visando a aquisi&ccedil;&atilde;o de repelente para ser usado em gestantes como forma de prevenir doen&ccedil;as como dengue, zika e chikungunya que podem causar complica&ccedil;&otilde;es s&eacute;rias na gravidez e malforma&ccedil;&otilde;es fetais, como a microcefalia, protegendo-se contra picadas, que s&atilde;o a principal forma de infec&ccedil;&atilde;o."},{"titulo":"Aquisi\u00e7\u00e3o de 01 (um) Aparelho CPAP Resmed S10 Autoset, acompanhado de uma m\u00e1scara nasal com configura\u00e7\u00e3o de press\u00e3o de 09 mmHg, visando o cumprimento de uma demanda judicial n.\u00ba 5000655-80.2020.8.13.0216.","dataAtualizacao":"2026-04-28 16:57:02","dataPostagem":"2026-02-23 09:00:00","dataRealizacao":"2026-04-27 07:00:00","numeroEdital":6,"numeroProcesso":68,"modalidade":"Dispensa de Licita\u00e7\u00e3o","situacao":"Aberto","descricao":"Aquisi&ccedil;&atilde;o de 01 (um) Aparelho CPAP Resmed S10 Autoset, acompanhado de uma m&aacute;scara nasal com configura&ccedil;&atilde;o de press&atilde;o de 09 mmHg, visando o cumprimento de uma demanda judicial n.&ordm; 5000655-80.2020.8.13.0216."},{"titulo":"Aquisi\u00e7\u00e3o do medicamento Lidoca\u00edna gel 20mg\/g - 30g, para o atendimento do paciente L.A.B. \u00a0portador de Bexiga Neurog\u00eanica (CID N31.1), decorrente de Paraplegia (CID G82), diagn\u00f3stico estabelecido em 2024, ap\u00f3s queda de escada que resultou em grave trauma medular, ocasionando a paraplegia permanente, conforme estabelecido na determina\u00e7\u00e3o n.\u00ba 5007912-83.2025.8.13.0216.","dataAtualizacao":"2026-04-28 16:54:47","dataPostagem":"2026-02-23 09:00:00","dataRealizacao":"2026-04-27 07:00:00","numeroEdital":7,"numeroProcesso":71,"modalidade":"Dispensa de Licita\u00e7\u00e3o","situacao":"Aberto","descricao":"Aquisi&ccedil;&atilde;o do medicamento Lidoca&iacute;na gel 20mg\/g - 30g, para o atendimento do paciente L.A.B. &nbsp;portador de Bexiga Neurog&ecirc;nica (CID N31.1), decorrente de Paraplegia (CID G82), diagn&oacute;stico estabelecido em 2024, ap&oacute;s queda de escada que resultou em grave trauma medular, ocasionando a paraplegia permanente, conforme estabelecido na determina&ccedil;&atilde;o n.&ordm; 5007912-83.2025.8.13.0216."},{"titulo":"contrata\u00e7\u00e3o da empresa USESERVICE COMERCIO E SERVICOS LTDA visando a realiza\u00e7\u00e3o da manuten\u00e7\u00e3o preventiva e corretiva com a substitui\u00e7\u00e3o de pe\u00e7as da Usina de Oxig\u00eanio pertencente a Unidade de Pronto Atendimento - UPA da cidade de Diamantina-MG. (","dataAtualizacao":"2026-04-28 17:08:18","dataPostagem":"2026-02-20 09:00:00","dataRealizacao":"2026-04-27 07:00:00","numeroEdital":0,"numeroProcesso":48,"modalidade":"Inexigibilidade","situacao":"Aberto","descricao":"Contrata&ccedil;&atilde;o da empresa USESERVICE COMERCIO E SERVICOS LTDA visando a realiza&ccedil;&atilde;o da manuten&ccedil;&atilde;o preventiva e corretiva com a substitui&ccedil;&atilde;o de pe&ccedil;as da Usina de Oxig&ecirc;nio pertencente a Unidade de Pronto Atendimento - UPA da cidade de Diamantina-MG. ("},{"titulo":"Contrata\u00e7\u00e3o de artistas para apresenta\u00e7\u00f5es em eventos culturais diversos que ocorrer\u00e3o na sede do Munic\u00edpio, no per\u00edodo de fevereiro a maio de 202","dataAtualizacao":"2026-04-28 16:59:59","dataPostagem":"2026-02-19 09:00:00","dataRealizacao":"2026-04-27 07:00:00","numeroEdital":0,"numeroProcesso":63,"modalidade":"Inexigibilidade","situacao":"Aberto","descricao":"Contrata&ccedil;&atilde;o de artistas para apresenta&ccedil;&otilde;es em eventos culturais diversos que ocorrer&atilde;o na sede do Munic&iacute;pio, no per&iacute;odo de fevereiro a maio de 202"},{"titulo":"Credenciamento de Fonoaudi\u00f3logos","dataAtualizacao":"2026-02-13 16:24:08","dataPostagem":"2026-02-13 09:00:00","dataRealizacao":"2026-02-13 09:00:00","numeroEdital":5,"numeroProcesso":167,"modalidade":"Chamamento P\u00fablico","situacao":"Aberto","descricao":"Chamamento P&uacute;blico para Credenciamento, na forma eletr&ocirc;nica, de profissionais m&eacute;dicos pediatra e fonoaudi&oacute;logo, ambos destinados &agrave; assist&ecirc;ncia ambulatorial de M&eacute;dia Complexidade na Policl&iacute;nica Regional.<br \/>\r\n&nbsp;"},{"titulo":"Contrata\u00e7\u00e3o de profissionais fot\u00f3grafos para registro multim\u00eddia do Carnaval Diamantina 2026.","dataAtualizacao":"2026-04-28 17:02:49","dataPostagem":"2026-02-13 09:00:00","dataRealizacao":"2026-04-27 07:00:00","numeroEdital":0,"numeroProcesso":56,"modalidade":"Inexigibilidade","situacao":"Aberto","descricao":"Contrata&ccedil;&atilde;o de profissionais fot&oacute;grafos para registro multim&iacute;dia do Carnaval Diamantina 2026."},{"titulo":"Contrata\u00e7\u00e3o de profissionais locutores para apresenta\u00e7\u00e3o dos shows nos palcos da Pra\u00e7a Bar\u00e3o de Guaicu\u00ed, Pra\u00e7a do Bonfim, Rua da Quitanda, Beco do Mota e Largo Dom Jo\u00e3o no Carnaval Diamantina 2026.","dataAtualizacao":"2026-04-29 15:57:05","dataPostagem":"2026-02-13 09:00:00","dataRealizacao":"2026-04-27 07:00:00","numeroEdital":0,"numeroProcesso":57,"modalidade":"Inexigibilidade","situacao":"Aberto","descricao":"Contrata&ccedil;&atilde;o de profissionais locutores para apresenta&ccedil;&atilde;o dos shows nos palcos da Pra&ccedil;a Bar&atilde;o de Guaicu&iacute;, Pra&ccedil;a do Bonfim, Rua da Quitanda, Beco do Mota e Largo Dom Jo&atilde;o no Carnaval Diamantina 2026."},{"titulo":"Contratra\u00e7\u00e3o da cantora Saah Taigar para apresenta\u00e7\u00e3o art\u00edstica no Carnaval 2026.","dataAtualizacao":"2026-04-28 16:58:31","dataPostagem":"2026-02-13 09:00:00","dataRealizacao":"2026-04-27 07:00:00","numeroEdital":0,"numeroProcesso":64,"modalidade":"Inexigibilidade","situacao":"Aberto","descricao":"Contratra&ccedil;&atilde;o da cantora Saah Taigar para apresenta&ccedil;&atilde;o art&iacute;stica no Carnaval 2026."},{"titulo":"Processo de Ades\u00e3o a Ata de Registro de pre\u00e7os para aquisi\u00e7\u00e3o de material permanente para as unidades de Educa\u00e7\u00e3o Infantil, visando garantir seguran\u00e7a, conforto e bem-estar \u00e0s crian\u00e7as do ber\u00e7\u00e1rio e maternal, al\u00e9m de melhores condi\u00e7\u00f5es de trabalho aos profissionais e a melhoria da qualidade do atendimento educacional.","dataAtualizacao":"2026-04-29 13:29:20","dataPostagem":"2026-02-11 09:00:00","dataRealizacao":"2026-02-11 09:00:00","numeroEdital":3,"numeroProcesso":34,"modalidade":"Ades\u00e3o Ata de Registro de Pre\u00e7os","situacao":"Aberto","descricao":"Processo de Ades&atilde;o a Ata de Registro de pre&ccedil;os para aquisi&ccedil;&atilde;o de material permanente para as unidades de Educa&ccedil;&atilde;o Infantil, visando garantir seguran&ccedil;a, conforto e bem-estar &agrave;s crian&ccedil;as do ber&ccedil;&aacute;rio e maternal, al&eacute;m de melhores condi&ccedil;&otilde;es de trabalho aos profissionais e a melhoria da qualidade do atendimento educacional."},{"titulo":"Contrata\u00e7\u00e3o por interm\u00e9dio de uma inexigilibilidade de licita\u00e7\u00e3o da empresa Via\u00e7\u00e3o P\u00e1ssaro Verde LTDA para a presta\u00e7\u00e3o de Servi\u00e7o de Emiss\u00e3o de bilhete de transporte para atender \u00e0s pessoas em tr\u00e2nsito, mediante pr\u00e9via avalia\u00e7\u00e3o dos T\u00e9cnicos do CREAS, lotados na Secretaria Municipal de Desenvolvimento Social.","dataAtualizacao":"2026-04-29 13:13:31","dataPostagem":"2026-02-10 09:00:00","dataRealizacao":"2026-04-27 07:00:00","numeroEdital":0,"numeroProcesso":40,"modalidade":"Inexigibilidade","situacao":"Aberto","descricao":"Contrata&ccedil;&atilde;o por interm&eacute;dio de uma inexigilibilidade de licita&ccedil;&atilde;o da empresa Via&ccedil;&atilde;o P&aacute;ssaro Verde LTDA para a presta&ccedil;&atilde;o de Servi&ccedil;o de Emiss&atilde;o de bilhete de transporte para atender &agrave;s pessoas em tr&acirc;nsito, mediante pr&eacute;via avalia&ccedil;&atilde;o dos T&eacute;cnicos do CREAS, lotados na Secretaria Municipal de Desenvolvimento Social."},{"titulo":"Contrata\u00e7\u00e3o de artistas para apresenta\u00e7\u00f5es musicais no Carnaval de Diamantina no m\u00eas de fevereiro de 2026.","dataAtualizacao":"2026-04-29 13:11:54","dataPostagem":"2026-02-06 09:00:00","dataRealizacao":"2026-04-27 07:00:00","numeroEdital":0,"numeroProcesso":43,"modalidade":"Inexigibilidade","situacao":"Aberto","descricao":"Contrata&ccedil;&atilde;o de artistas para apresenta&ccedil;&otilde;es musicais no Carnaval de Diamantina no m&ecirc;s de fevereiro de 2026."},{"titulo":"Ades\u00e3o a Ata de Registro de Pre\u00e7os n\u00ba. 012\/2025 - Preg\u00e3o Eletr\u00f4nico n\u00ba. 017\/2025 - Processo Licitat\u00f3rio n\u00ba. 028\/2025, realizado pelo Cons\u00f3rcio Intermunicipal Multifinalit\u00e1rio do Vale do Jequitinhonha - CIM, visando \u00e0 aquisi\u00e7\u00e3o de Kit Escolares, para atender os alunos e professores da rede p\u00fablica municipal dos munic\u00edpios integrantes do \u0421IM JEQUITINHONHA, atrav\u00e9s do fornecedor D","dataAtualizacao":"2026-04-29 16:36:19","dataPostagem":"2026-02-04 09:00:00","dataRealizacao":"2026-04-27 07:00:00","numeroEdital":2,"numeroProcesso":33,"modalidade":"Ades\u00e3o Ata de Registro de Pre\u00e7os","situacao":"Aberto","descricao":"Ades&atilde;o a Ata de Registro de Pre&ccedil;os n&ordm;. 012\/2025 - Preg&atilde;o Eletr&ocirc;nico n&ordm;. 017\/2025 - Processo Licitat&oacute;rio n&ordm;. 028\/2025, realizado pelo Cons&oacute;rcio Intermunicipal Multifinalit&aacute;rio do Vale do Jequitinhonha - CIM, visando &agrave; aquisi&ccedil;&atilde;o de Kit Escolares, para atender os alunos e professores da rede p&uacute;blica municipal dos munic&iacute;pios integrantes do \u0421IM JEQUITINHONHA, atrav&eacute;s do fornecedor DISTRIBUIDORA FRANCINO LTDA, CNPJ: 47.860.599\/0001-05"},{"titulo":"Dispensa de licita\u00e7\u00e3o para aquisi\u00e7\u00e3o de g\u00eaneros aliment\u00edcios diretamente da agricultura familiar e do empreendedor familiar rural ou suas organiza\u00e7\u00f5es para atender os alunos matriculados nas unidades escolares (Escolas e CMEI\u00b4s) da sede e dos Distritos do Munic\u00edpio de Diamantina (MG).","dataAtualizacao":"2026-04-29 16:30:48","dataPostagem":"2026-02-03 09:00:00","dataRealizacao":"2026-04-27 07:00:00","numeroEdital":4,"numeroProcesso":35,"modalidade":"Dispensa de Licita\u00e7\u00e3o","situacao":"Aberto","descricao":"Dispensa de licita&ccedil;&atilde;o para aquisi&ccedil;&atilde;o de g&ecirc;neros aliment&iacute;cios diretamente da agricultura familiar e do empreendedor familiar rural ou suas organiza&ccedil;&otilde;es para atender os alunos matriculados nas unidades escolares (Escolas e CMEI&acute;s) da sede e dos Distritos do Munic&iacute;pio de Diamantina (MG)."},{"titulo":"Contratra\u00e7\u00e3o da banda Bat Caverna para apresenta\u00e7\u00f5es musicais no Carnaval Diamantina, nos dias 13, 16 e 17 de fevereiro de 2026, na Pra\u00e7a Bar\u00e3o de Guaicu\u00ed (Pra\u00e7a do Mercado Velho) e Rua da Quitanda.","dataAtualizacao":"2026-04-29 13:12:50","dataPostagem":"2026-02-03 09:00:00","dataRealizacao":"2026-04-27 07:00:00","numeroEdital":0,"numeroProcesso":41,"modalidade":"Inexigibilidade","situacao":"Aberto","descricao":"Contratra&ccedil;&atilde;o da banda Bat Caverna para apresenta&ccedil;&otilde;es musicais no Carnaval Diamantina, nos dias 13, 16 e 17 de fevereiro de 2026, na Pra&ccedil;a Bar&atilde;o de Guaicu&iacute; (Pra&ccedil;a do Mercado Velho) e Rua da Quitanda."},{"titulo":"Solicita\u00e7\u00e3o de cotrata\u00e7\u00e3o de servi\u00e7o para o Transporte Escolar.","dataAtualizacao":"2026-04-29 13:18:04","dataPostagem":"2026-02-02 09:00:00","dataRealizacao":"2026-04-27 07:00:00","numeroEdital":0,"numeroProcesso":37,"modalidade":"Ades\u00e3o Ata de Registro de Pre\u00e7os","situacao":"Aberto","descricao":"Solicita&ccedil;&atilde;o de cotrata&ccedil;&atilde;o de servi&ccedil;o para o Transporte Escolar."},{"titulo":"Contrata\u00e7\u00e3o do  microempreendedor individual Adiney Aparecido Reis Santos 10115969624 - CNPJ: 40.696.423\/0001-02, que encontra-se credenciado atrav\u00e9s Chamamento P\u00fablico n\u00ba 001\/2025 - Processo Licitat\u00f3rio n\u00ba 067\/2025 para na fun\u00e7\u00e3o de Pedreiro Independente, para executar obra de alargamento, constru\u00e7\u00e3o de passeio, meio-fio e pavimenta\u00e7\u00e3o em pedra no Rua Dr. Manoel Macrino Piment","dataAtualizacao":"2026-04-29 13:16:52","dataPostagem":"2026-01-30 09:00:00","dataRealizacao":"2026-04-27 07:00:00","numeroEdital":0,"numeroProcesso":38,"modalidade":"Inexigibilidade","situacao":"Aberto","descricao":"Contrata&ccedil;&atilde;o do &nbsp;microempreendedor individual Adiney Aparecido Reis Santos 10115969624 - CNPJ: 40.696.423\/0001-02, que encontra-se credenciado atrav&eacute;s Chamamento P&uacute;blico n&ordm; 001\/2025 - Processo Licitat&oacute;rio n&ordm; 067\/2025 para na fun&ccedil;&atilde;o de Pedreiro Independente, para executar obra de alargamento, constru&ccedil;&atilde;o de passeio, meio-fio e pavimenta&ccedil;&atilde;o em pedra no Rua Dr. Manoel Macrino Pimenta (antigo Beco do Felisberto), na cidade de Diamantina."},{"titulo":"Aquisi\u00e7\u00e3o de canabidiol para paciente J.A.M.V.S","dataAtualizacao":"2026-02-23 10:39:22","dataPostagem":"2026-01-29 09:00:00","dataRealizacao":"2026-01-14 09:00:00","numeroEdital":51,"numeroProcesso":259,"modalidade":"Preg\u00e3o Eletr\u00f4nico","situacao":"Conclu\u00eddo","descricao":"Aquisi&ccedil;&atilde;o de Canabidiol para o paciente J.A.M.V.S., demanda judicial."},{"titulo":"Contrata\u00e7\u00e3o de M\u00e9dico Psiquiatra","dataAtualizacao":"2026-04-29 14:17:04","dataPostagem":"2026-01-29 09:00:00","dataRealizacao":"2026-01-29 09:00:00","numeroEdital":13,"numeroProcesso":23,"modalidade":"Inexigibilidade","situacao":"Em Andamento","descricao":"Contrata&ccedil;&atilde;o da m&eacute;dica psiquiatra Priscila Carraro Faria, credenciada atrav&eacute;s do processo n.&ordm; 078\/2025, credenciamento n.&ordm; 002\/2025, &nbsp;com foco no atendimento das demandas do Centro de Aten&ccedil;&atilde;o Psicossocial &Aacute;lcool e Drogas - CAPS AD S&atilde;o Francisco.&nbsp;"},{"titulo":"Contrata\u00e7\u00e3o de MEI- Microempreendedor Individual telhadista Rafael Mateus Correia Fernandes, atrav\u00e9s de Inexigibilidade de Licita\u00e7\u00e3o oriunda do Processo n\u00ba067\/2025 Chamamento P\u00fablico n\u00ba001\/2025","dataAtualizacao":"2026-04-29 14:04:33","dataPostagem":"2026-01-29 09:00:00","dataRealizacao":"2026-04-27 07:00:00","numeroEdital":0,"numeroProcesso":32,"modalidade":"Inexigibilidade","situacao":"Aberto","descricao":"Contrata&ccedil;&atilde;o de MEI- Microempreendedor Individual telhadista Rafael Mateus Correia Fernandes, atrav&eacute;s de Inexigibilidade de Licita&ccedil;&atilde;o oriunda do Processo n&ordm;067\/2025 Chamamento P&uacute;blico n&ordm;001\/2025"},{"titulo":"Processo de Ades\u00e3o a Ata de Registro de Pre\u00e7os vinculada ao processo licitat\u00f3rio n\u00b0 007\/2024, realizado pelo Cons\u00f3rcio Multifinalit\u00e1rio Intermunicipal de Desenvolvimento Sustent\u00e1vel da Microrregi\u00e3o da Serra Geral de Minas \u2013 UNI\u00c3O DA SERRA GERAL, em que a empresa vencedora foi a BEL MICRO TECNOLOGIA S\/A, onde a Prefeitura Municipal de Diamantina-MG, por interm\u00e9dio da sua Secreta","dataAtualizacao":"2026-04-29 13:19:27","dataPostagem":"2026-01-29 09:00:00","dataRealizacao":"2026-04-27 07:00:00","numeroEdital":0,"numeroProcesso":36,"modalidade":"Ades\u00e3o Ata de Registro de Pre\u00e7os","situacao":"Aberto","descricao":"Processo de Ades&atilde;o a Ata de Registro de Pre&ccedil;os vinculada ao processo licitat&oacute;rio n&deg; 007\/2024, realizado pelo Cons&oacute;rcio Multifinalit&aacute;rio Intermunicipal de Desenvolvimento Sustent&aacute;vel da Microrregi&atilde;o da Serra Geral de Minas &ndash; UNI&Atilde;O DA SERRA GERAL, em que a empresa vencedora foi a BEL MICRO TECNOLOGIA S\/A, onde a Prefeitura Municipal de Diamantina-MG, por interm&eacute;dio da sua Secretaria de Sa&uacute;de, tem a finalidade da aquisi&ccedil;&atilde;o de 27 computadores e 02 notebooks visando o atendimento das necessidades administrativas do EMAD, Policl&iacute;nica, Laborat&oacute;rio e os setores administrativos da Secretaria de Sa&uacute;de.&nbsp;"},{"titulo":"Contrata\u00e7\u00e3o de m\u00fasicos e bandas locais e regionais para apresenta\u00e7\u00f5es no Carnaval Diamantina, no m\u00eas de fevereiro de 2026.","dataAtualizacao":"2026-04-29 14:06:57","dataPostagem":"2026-01-27 09:00:00","dataRealizacao":"2026-04-27 07:00:00","numeroEdital":0,"numeroProcesso":30,"modalidade":"Inexigibilidade","situacao":"Aberto","descricao":"Contrata&ccedil;&atilde;o de m&uacute;sicos e bandas locais e regionais para apresenta&ccedil;&otilde;es no Carnaval Diamantina, no m&ecirc;s de fevereiro de 2026."},{"titulo":"Contrata\u00e7\u00e3o de uma empresa especializada para a realiza\u00e7\u00e3o do transporte dos usu\u00e1rios do Sistema \u00danico de Sa\u00fade (SUS), residentes nos distritos e localidades rurais do munic\u00edpio de Diamantina.","dataAtualizacao":"2026-01-08 11:02:46","dataPostagem":"2026-01-26 09:00:00","dataRealizacao":"2026-01-08 09:00:00","numeroEdital":56,"numeroProcesso":279,"modalidade":"Preg\u00e3o Eletr\u00f4nico","situacao":"Aberto","descricao":"Contrata&ccedil;&atilde;o de uma empresa especializada para a realiza&ccedil;&atilde;o do transporte dos usu&aacute;rios do Sistema &Uacute;nico de Sa&uacute;de (SUS), residentes nos distritos e localidades rurais do munic&iacute;pio de Diamantina."},{"titulo":"Loca\u00e7\u00e3o, transporte, instala\u00e7\u00e3o e retirada de cont\u00eaineres sanit\u00e1rios no per\u00edodo de 03 de fevereiro de 2026 a 03 de mar\u00e7o de 2026.","dataAtualizacao":"2026-01-08 14:44:34","dataPostagem":"2026-01-26 09:00:00","dataRealizacao":"2026-01-09 09:00:00","numeroEdital":64,"numeroProcesso":306,"modalidade":"Preg\u00e3o Eletr\u00f4nico","situacao":"Aberto","descricao":"Loca&ccedil;&atilde;o, transporte, instala&ccedil;&atilde;o e retirada de cont&ecirc;ineres sanit&aacute;rios no per&iacute;odo de 03 de fevereiro de 2026 a 03 de mar&ccedil;o de 2026.<br \/>\r\n&nbsp;"},{"titulo":"Contrata\u00e7\u00e3o de presta\u00e7\u00e3o de servi\u00e7os de brigadistas para atuar no carnaval e demais eventos realizados e apoiados pelo Munic\u00edpio.","dataAtualizacao":"2026-04-29 14:41:11","dataPostagem":"2026-01-22 09:00:00","dataRealizacao":"2026-04-27 07:00:00","numeroEdital":1,"numeroProcesso":4,"modalidade":"Dispensa de Licita\u00e7\u00e3o","situacao":"Aberto","descricao":"<span style=\"font-family:arial; font-size:11,0000pt; mso-fareast-font-family:SimSun; mso-spacerun:'yes'\">Contrata&ccedil;&atilde;o de presta&ccedil;&atilde;o de servi&ccedil;os de brigadistas para atuar no carnaval e demais eventos realizados e apoiados pelo Munic&iacute;pio.<\/span><span style=\"font-family:arial; font-size:11,0000pt; mso-fareast-font-family:SimSun; mso-spacerun:'yes'\"><\/span>"},{"titulo":"Processo de Ades\u00e3o \u00e0 Ata de Registro de Pre\u00e7os n\u00ba 004\/2024, referente ao Processo Licitat\u00f3rio n.\u00ba 006\/2024, Preg\u00e3o Eletr\u00f4nico n.\u00ba 005\/2024, que tem por objeto registro de pre\u00e7os para a futura e eventual aquisi\u00e7\u00e3o de medicamentos, materiais de consumo e sanitizantes, de uso hospitalares, odontol\u00f3gicos e laboratoriais, mediante percentual de desconto a ser aplicado sobre os pre\u00e7o","dataAtualizacao":"2026-04-29 16:48:13","dataPostagem":"2026-01-22 09:00:00","dataRealizacao":"2026-04-28 07:00:00","numeroEdital":0,"numeroProcesso":31,"modalidade":"Ades\u00e3o Ata de Registro de Pre\u00e7os","situacao":"Aberto","descricao":"Processo de Ades&atilde;o &agrave; Ata de Registro de Pre&ccedil;os n&ordm; 004\/2024, referente ao Processo Licitat&oacute;rio n.&ordm; 006\/2024, Preg&atilde;o Eletr&ocirc;nico n.&ordm; 005\/2024, que tem por objeto registro de pre&ccedil;os para a futura e eventual aquisi&ccedil;&atilde;o de medicamentos, materiais de consumo e sanitizantes, de uso hospitalares, odontol&oacute;gicos e laboratoriais, mediante percentual de desconto a ser aplicado sobre os pre&ccedil;os registrados no Banco de Pre&ccedil;os do Tribunal de Contas do Estado de Minas Gerais (TCE-MG), bem como aquisi&ccedil;&atilde;o de bens dur&aacute;veis de uso permanentes, mediante aplica&ccedil;&atilde;o de percentual de desconto aplicado sobre os pre&ccedil;os da Tabela Renem em vigor, com a finalidade da aquisi&ccedil;&atilde;o de medicamentos, equipamentos e materiais medico hospitalares visando o abastecimento dos estoques da Farm&aacute;cia B&aacute;sica, APS e Transporte de Pacientes do SUS.&nbsp;"},{"titulo":"Contrata\u00e7\u00e3o da DJ Day para apresenta\u00e7\u00e3o musical no Carnaval Diamantina no dia 14 de fevereiro de 2026, na Pra\u00e7a Bar\u00e3o de Guaicu\u00ed (Pra\u00e7a do Mercado Velho).","dataAtualizacao":"2026-04-29 14:32:49","dataPostagem":"2026-01-21 09:00:00","dataRealizacao":"2026-04-27 07:00:00","numeroEdital":0,"numeroProcesso":12,"modalidade":"Inexigibilidade","situacao":"Aberto","descricao":"Contrata&ccedil;&atilde;o da DJ Day para apresenta&ccedil;&atilde;o musical no Carnaval Diamantina no dia 14 de fevereiro de 2026, na Pra&ccedil;a Bar&atilde;o de Guaicu&iacute; (Pra&ccedil;a do Mercado Velho)."},{"titulo":"Contrata\u00e7\u00e3o da banda T\u00f4 Chegando para apresenta\u00e7\u00e3o musical no Carnaval Diamantina, no dia 17 de fevereiro de 2026, na Pra\u00e7a Bar\u00e3o de Guaicu\u00ed (Pra\u00e7a do Mercado Velho).","dataAtualizacao":"2026-04-29 14:19:33","dataPostagem":"2026-01-21 09:00:00","dataRealizacao":"2026-04-27 07:00:00","numeroEdital":0,"numeroProcesso":19,"modalidade":"Inexigibilidade","situacao":"Aberto","descricao":"Contrata&ccedil;&atilde;o da banda T&ocirc; Chegando para apresenta&ccedil;&atilde;o musical no Carnaval Diamantina, no dia 17 de fevereiro de 2026, na Pra&ccedil;a Bar&atilde;o de Guaicu&iacute; (Pra&ccedil;a do Mercado Velho)."},{"titulo":"Contrata\u00e7\u00e3o dos DJ&#039;s Greg e Gont para apresenta\u00e7\u00e3o musical no Carnaval Diamantina no dia 16 de fevereiro de 2026,na Pra\u00e7a Bar\u00e3o de Guaicu\u00ed (Pra\u00e7a do Mercado Velho).","dataAtualizacao":"2026-04-29 14:10:25","dataPostagem":"2026-01-21 09:00:00","dataRealizacao":"2026-04-27 07:00:00","numeroEdital":0,"numeroProcesso":25,"modalidade":"Inexigibilidade","situacao":"Aberto","descricao":"Contrata&ccedil;&atilde;o dos DJ&#39;s Greg e Gont para apresenta&ccedil;&atilde;o musical no Carnaval Diamantina no dia 16 de fevereiro de 2026,na Pra&ccedil;a Bar&atilde;o de Guaicu&iacute; (Pra&ccedil;a do Mercado Velho)."},{"titulo":"Contrata\u00e7\u00e3o da artista Xandreli para apresenta\u00e7\u00e3o no Carnaval Diamantina, no dia 15 de fevereiro de 2026, na Pra\u00e7a Bar\u00e3o de Guaicu\u00ed (Pra\u00e7a do Mercado Velho).","dataAtualizacao":"2026-04-29 14:08:27","dataPostagem":"2026-01-21 09:00:00","dataRealizacao":"2026-04-27 07:00:00","numeroEdital":0,"numeroProcesso":26,"modalidade":"Inexigibilidade","situacao":"Aberto","descricao":"Contrata&ccedil;&atilde;o da artista Xandreli para apresenta&ccedil;&atilde;o no Carnaval Diamantina, no dia 15 de fevereiro de 2026, na Pra&ccedil;a Bar&atilde;o de Guaicu&iacute; (Pra&ccedil;a do Mercado Velho)."},{"titulo":"Contrata\u00e7\u00e3o da banda Bartucada para apresenta\u00e7\u00f5es musicais no Carnaval Diamantina nos dias 14 e 17 de fevereiro de 2026, na Pra\u00e7a Bar\u00e3o de Guaicu\u00ed (Pra\u00e7a do Mercado Velho).","dataAtualizacao":"2026-04-29 14:20:54","dataPostagem":"2026-01-20 09:00:00","dataRealizacao":"2026-04-27 07:00:00","numeroEdital":0,"numeroProcesso":18,"modalidade":"Inexigibilidade","situacao":"Aberto","descricao":"Contrata&ccedil;&atilde;o da banda Bartucada para apresenta&ccedil;&otilde;es no Carnaval de Diamantina, a realizar-se nos dias 14 e 17 de fevereiro de 2026, na Pra&ccedil;a Bar&atilde;o de Guaicu&iacute; ."},{"titulo":"Contrata\u00e7\u00e3o de m\u00fasicos para eventos em Distritos do Munic\u00edpio de Diamantina, no meses de janeiro e fevereiro de 2026","dataAtualizacao":"2026-04-29 14:14:49","dataPostagem":"2026-01-16 09:00:00","dataRealizacao":"2026-04-27 07:00:00","numeroEdital":0,"numeroProcesso":22,"modalidade":"Inexigibilidade","situacao":"Aberto","descricao":"Contrata&ccedil;&atilde;o de m&uacute;sicos para eventos em Distritos do Munic&iacute;pio de Diamantina, no meses de janeiro e fevereiro de 2026"},{"titulo":"Registro de pre\u00e7os visando futura e eventual aquisi\u00e7\u00e3o de materiais para manuten\u00e7\u00e3o do balizamento noturno do Aeroporto Municipal de Diamantina.","dataAtualizacao":"2026-01-07 09:24:17","dataPostagem":"2026-01-15 09:00:00","dataRealizacao":"2026-01-07 09:00:00","numeroEdital":49,"numeroProcesso":248,"modalidade":"Preg\u00e3o Eletr\u00f4nico","situacao":"Aberto","descricao":"Registro de pre&ccedil;os visando futura e eventual aquisi&ccedil;&atilde;o de materiais para manuten&ccedil;&atilde;o do balizamento noturno do Aeroporto Municipal de Diamantina.<br \/>\r\n&nbsp;"},{"titulo":"Contrata\u00e7\u00e3o de empresa especializada em organiza\u00e7\u00e3o e produ\u00e7\u00e3o de eventos de grande porte para a organiza\u00e7\u00e3o, gest\u00e3o operacional e explora\u00e7\u00e3o econ\u00f4mica do Camarote Diamantina, durante a realiza\u00e7\u00e3o do Carnaval 2026","dataAtualizacao":"2025-12-18 10:29:38","dataPostagem":"2026-01-14 09:00:00","dataRealizacao":"2025-12-18 09:00:00","numeroEdital":63,"numeroProcesso":304,"modalidade":"Preg\u00e3o Eletr\u00f4nico","situacao":"Aberto","descricao":"Contrata&ccedil;&atilde;o de empresa especializada em organiza&ccedil;&atilde;o e produ&ccedil;&atilde;o de eventos de grande porte para a organiza&ccedil;&atilde;o, gest&atilde;o operacional e explora&ccedil;&atilde;o econ&ocirc;mica do Camarote Diamantina, durante a realiza&ccedil;&atilde;o do Carnaval 2026, no per&iacute;odo de 12 a 18 de fevereiro de 2026, no Centro Hist&oacute;rico, Pra&ccedil;a Bar&atilde;o de Guaicu&iacute;, Diamantina\/MG.<br \/>\r\n&nbsp;"},{"titulo":"contrata\u00e7\u00e3o do artista Wilson Sideral para apresenta\u00e7\u00e3o no Carnaval Diamantina, a realizar-se no dia 13 de fevereiro de 2026, na Pra\u00e7a Bar\u00e3o de Guaicu\u00ed (Pra\u00e7a do Mercado Velho),","dataAtualizacao":"2026-04-29 14:39:54","dataPostagem":"2026-01-14 09:00:00","dataRealizacao":"2026-04-27 07:00:00","numeroEdital":0,"numeroProcesso":5,"modalidade":"Inexigibilidade","situacao":"Aberto","descricao":"Contrata&ccedil;&atilde;o do artista Wilson Sideral para apresenta&ccedil;&atilde;o no Carnaval Diamantina, a realizar-se no dia 13 de fevereiro de 2026, na Pra&ccedil;a Bar&atilde;o de Guaicu&iacute; (Pra&ccedil;a do Mercado Velho),"},{"titulo":"Contrata\u00e7\u00e3o do artista Tuca Fernandes para apresenta\u00e7\u00e3o no Carnaval Diamantina, a realizar-se no dia 15 de fevereiro de 2026, na Pra\u00e7a Bar\u00e3o de Guaicu\u00ed (Pra\u00e7a do Mercado Velho).","dataAtualizacao":"2026-04-29 14:38:39","dataPostagem":"2026-01-14 09:00:00","dataRealizacao":"2026-04-27 07:00:00","numeroEdital":3,"numeroProcesso":6,"modalidade":"Inexigibilidade","situacao":"Aberto","descricao":"Contrata&ccedil;&atilde;o do artista Tuca Fernandes para apresenta&ccedil;&atilde;o no Carnaval Diamantina, a realizar-se no dia 15 de fevereiro de 2026, na Pra&ccedil;a Bar&atilde;o de Guaicu&iacute; (Pra&ccedil;a do Mercado Velho)."},{"titulo":"\u00a0Contrata\u00e7\u00e3o do artista San para apresenta\u00e7\u00e3o no Carnaval Diamantina, a realizar-se no dia 15 de fevereiro de 2026, na Pra\u00e7a Bar\u00e3o de Guaicu\u00ed (Pra\u00e7a do Mercado Velho)","dataAtualizacao":"2026-04-27 09:40:11","dataPostagem":"2026-01-14 09:00:00","dataRealizacao":"2026-04-27 07:00:00","numeroEdital":4,"numeroProcesso":4,"modalidade":"Inexigibilidade","situacao":"Aberto","descricao":"&nbsp;Contrata&ccedil;&atilde;o do artista San para apresenta&ccedil;&atilde;o no Carnaval Diamantina, a realizar-se no dia 15 de fevereiro de 2026, na Pra&ccedil;a Bar&atilde;o de Guaicu&iacute; (Pra&ccedil;a do Mercado Velho)"},{"titulo":"Contrata\u00e7\u00e3o do artista Bruno Diegues para apresenta\u00e7\u00e3o no Carnaval Diamantina, a realizar-se no dia 13 de fevereiro de 2026, na Pra\u00e7a Bar\u00e3o de Guaicu\u00ed (Pra\u00e7a do Mercado Velho), atrav\u00e9s do processo de Inexigibilidade de Licita\u00e7\u00e3o.","dataAtualizacao":"2026-04-29 14:36:22","dataPostagem":"2026-01-14 09:00:00","dataRealizacao":"2026-04-27 07:00:00","numeroEdital":5,"numeroProcesso":8,"modalidade":"Inexigibilidade","situacao":"Aberto","descricao":"Contrata&ccedil;&atilde;o do artista Bruno Diegues para apresenta&ccedil;&atilde;o no Carnaval Diamantina, a realizar-se no dia 13 de fevereiro de 2026, na Pra&ccedil;a Bar&atilde;o de Guaicu&iacute; (Pra&ccedil;a do Mercado Velho), atrav&eacute;s do processo de Inexigibilidade de Licita&ccedil;&atilde;o."},{"titulo":"Contrata\u00e7\u00e3o da banda Sunga de Pano para apresenta\u00e7\u00e3o musical no Carnaval Diamantina no dia 17 de fevereiro de 2026, no Largo Dom Jo\u00e3o.","dataAtualizacao":"2026-04-29 14:34:04","dataPostagem":"2026-01-14 09:00:00","dataRealizacao":"2026-04-27 07:00:00","numeroEdital":0,"numeroProcesso":11,"modalidade":"Inexigibilidade","situacao":"Aberto","descricao":"Contrata&ccedil;&atilde;o da banda Sunga de Pano para apresenta&ccedil;&atilde;o musical no Carnaval Diamantina no dia 17 de fevereiro de 2026, no Largo Dom Jo&atilde;o."},{"titulo":"CONSTRU\u00c7\u00c3O DE 50 UNIDADES HABITACIONAIS NO \u00c2MBITO DO PROGRAMA MINHA CASA MINHA VIDA","dataAtualizacao":"2025-12-02 15:20:34","dataPostagem":"2026-01-06 09:00:00","dataRealizacao":"2025-12-02 09:00:00","numeroEdital":12,"numeroProcesso":297,"modalidade":"Concorr\u00eancia Eletr\u00f4nica","situacao":"Aberto","descricao":"CONTRATA&Ccedil;&Atilde;O DE EMPRESA PARA EXECU&Ccedil;&Atilde;O DE OBRA DE CONSTRU&Ccedil;&Atilde;O DE 50 UNIDADES HABITACIONAIS NO &Acirc;MBITO DO PROGRAMA MINHA CASA MINHA VIDA"},{"titulo":"Registro de pre\u00e7os destinado a aquisi\u00e7\u00e3o de medicamentos, visando o atendimento das necessidades da Farm\u00e1cia B\u00e1sica, da Aten\u00e7\u00e3o Prim\u00e1ria \u00e0 Sa\u00fade e dos CAPS AD e Renascer, quanto ao atendimento dos usu\u00e1rios.","dataAtualizacao":"2026-01-27 09:36:34","dataPostagem":"2025-12-01 09:00:00","dataRealizacao":"2025-11-14 09:00:00","numeroEdital":45,"numeroProcesso":219,"modalidade":"Preg\u00e3o Eletr\u00f4nico","situacao":"Homologado","descricao":"Registro de pre&ccedil;os destinado a aquisi&ccedil;&atilde;o de medicamentos, visando o atendimento das necessidades da Farm&aacute;cia B&aacute;sica, da Aten&ccedil;&atilde;o Prim&aacute;ria &agrave; Sa&uacute;de e dos CAPS AD e Renascer, quanto ao atendimento dos usu&aacute;rios.<br \/>\r\n&nbsp;"},{"titulo":"Contrata\u00e7\u00e3o de empresa para execu\u00e7\u00e3o de pavimenta\u00e7\u00e3o com blocos sextavados de concreto (bloquete) com denagrem supercial na rua de acesso \u00e0 quadra de esportes da Escola Lurdes Tib\u00e3es, Travessa Rua do Ros\u00e1rio, Distrito de Senador Mour\u00e3o - Diamantina\/MG.","dataAtualizacao":"2026-04-13 13:18:18","dataPostagem":"2025-05-11 09:00:00","dataRealizacao":"2025-04-14 09:00:00","numeroEdital":8,"numeroProcesso":202,"modalidade":"Concorr\u00eancia Eletr\u00f4nica","situacao":"Aberto","descricao":"Contrata&ccedil;&atilde;o de empresa para execu&ccedil;&atilde;o de pavimenta&ccedil;&atilde;o com blocos sextavados de concreto (bloquete) com denagrem supercial na rua de acesso &agrave; quadra de esportes da Escola Lurdes Tib&atilde;es, Travessa Rua do Ros&aacute;rio, Distrito de Senador Mour&atilde;o - Diamantina\/MG.<br \/>\r\n&nbsp;"}]}